{"id":29315,"date":"2022-05-03T15:32:59","date_gmt":"2022-05-03T18:32:59","guid":{"rendered":"https:\/\/www.radiopresidenteibanez.cl\/web\/?p=29315"},"modified":"2022-05-03T15:33:05","modified_gmt":"2022-05-03T18:33:05","slug":"03-de-mayo-dia-mundial-de-la-libertad-de-prensa","status":"publish","type":"post","link":"https:\/\/www.radiopresidenteibanez.cl\/web\/03-de-mayo-dia-mundial-de-la-libertad-de-prensa\/","title":{"rendered":"03 DE MAYO: DIA MUNDIAL DE LA LIBERTAD DE PRENSA"},"content":{"rendered":"\n<p> Cada a\u00f1o, el 3 de mayo es una fecha en la que se celebran los principios fundamentales de la libertad de prensa. Esta fecha brinda la oportunidad de evaluar la libertad de prensa a nivel mundial, de defender los medios de comunicaci\u00f3n de los ataques sobre su independencia, as\u00ed como de rendir homenaje a los periodistas que han perdido sus vidas en el desempe\u00f1o de su profesi\u00f3n. <\/p>\n\n\n\n<p>El D\u00eda Mundial de la Libertad de Prensa fue proclamado por la<a href=\"https:\/\/unesdoc.unesco.org\/images\/0009\/000904\/090448s.pdf#page=76\" target=\"_blank\" rel=\"noreferrer noopener\">&nbsp;Asamblea General de las Naciones Unidas en 1993<\/a>, en cumplimiento de una recomendaci\u00f3n aprobada en la 26\u00aa reuni\u00f3n de la Conferencia General de la UNESCO en 1991. Esto, a su vez, fue una respuesta a un llamamiento de los periodistas africanos que en 1991 elaboraron la hist\u00f3rica Declaraci\u00f3n de Windhoek sobre el pluralismo y la independencia de los medios de comunicaci\u00f3n.<\/p>\n\n\n\n<p>La libertad de prensa y la libertad de expresi\u00f3n constituyen el n\u00facleo del mandato de la UNESCO. La UNESCO considera que estas libertades permiten el entendimiento mutuo para construir una paz sostenible.<\/p>\n\n\n\n<p>Sirve de ocasi\u00f3n para informar a los ciudadanos de las violaciones de la libertad de prensa, un recordatorio de que en docenas de pa\u00edses de todo el mundo las publicaciones son censuradas, multadas, suspendidas y clausuradas, mientras que los periodistas, editores y editores son acosados, atacados, detenidos e incluso asesinados.<\/p>\n\n\n\n<p>Es una fecha para fomentar y desarrollar iniciativas en favor de la libertad de prensa y para evaluar el estado de la libertad de prensa en todo el mundo.<\/p>\n\n\n\n<p>El 3 de mayo sirve para recordar a los gobiernos la necesidad de respetar su compromiso con la libertad de prensa y es tambi\u00e9n un d\u00eda de reflexi\u00f3n entre los profesionales de los medios de comunicaci\u00f3n sobre cuestiones relacionadas con la libertad de prensa y la \u00e9tica profesional. Igualmente importante, el D\u00eda Mundial de la Libertad de Prensa es un d\u00eda de apoyo a los medios de comunicaci\u00f3n que son objeto de la restricci\u00f3n o la abolici\u00f3n de la libertad de prensa. Tambi\u00e9n es un d\u00eda de recuerdo para los periodistas que perdieron la vida en la b\u00fasqueda de una historia.<\/p>\n\n\n\n<h2 class=\"wp-block-heading\">Periodismo bajo asedio digital<\/h2>\n\n\n\n<p><strong>El tema del D\u00eda Mundial de la Libertad de Prensa de este a\u00f1o, \u00abPeriodismo bajo asedio digital\u00bb<\/strong>, pone de relieve las m\u00faltiples formas en que los recientes avances en la vigilancia, la inteligencia artificial y la recopilaci\u00f3n de big data afectan al periodismo, la libertad de expresi\u00f3n y la privacidad; as\u00ed como los ataques a los periodistas por medios digitales y las consecuencias de todo ello en la confianza del p\u00fablico en los canales de comunicaci\u00f3n digitales.<\/p>\n\n\n\n<p>El \u00faltimo documento de debate del Informe sobre Tendencias Mundiales de la UNESCO&nbsp;<strong>\u201cThreats that Silence: Trends in the Safety of Journalists\u201d<\/strong>, destaca como la vigilancia y la pirater\u00eda inform\u00e1tica est\u00e1n poniendo en peligro al periodismo. Esto se ha puesto de manifiesto en las denuncias de periodistas de investigaci\u00f3n y ha llevado a los expertos en derechos humanos de la ONU a pedir una moratoria mundial temporal en la venta y transferencia de tecnolog\u00eda de vigilancia. La vigilancia puede poner al descubierto la informaci\u00f3n recopilada por los periodistas, incluida la de los denunciantes, y viola el principio de protecci\u00f3n de las fuentes, que se considera universalmente un requisito previo para la libertad de los medios de comunicaci\u00f3n y est\u00e1 consagrado en las resoluciones de la ONU. La vigilancia tambi\u00e9n puede perjudicar la seguridad de los periodistas al revelar informaci\u00f3n privada sensible que podr\u00eda ser utilizada para acosarlos judicialmente y\/o atacarlos arbitrariamente.<\/p>\n\n\n\n<p>Existe una creciente presi\u00f3n mundial que fomenta una mayor transparencia en cuanto a la forma en que las empresas de Internet explotan los datos de los ciudadanos, la forma en que estos informan a los modelos predictivos y a la inteligencia artificial, y permiten la amplificaci\u00f3n de la desinformaci\u00f3n y el odio. Esto se subray\u00f3 en la Declaraci\u00f3n de Windhoek+30, que pide a las empresas tecnol\u00f3gicas que \u201ctrabajen para garantizar la transparencia en relaci\u00f3n con sus sistemas humanos y automatizados\u201d.<br><\/p>\n","protected":false},"excerpt":{"rendered":"<p>Cada a\u00f1o, el 3 de mayo es una fecha en la que se celebran los principios fundamentales de la libertad de prensa. Esta fecha brinda la oportunidad de evaluar la&#8230; <a class=\"read-more\" href=\"https:\/\/www.radiopresidenteibanez.cl\/web\/03-de-mayo-dia-mundial-de-la-libertad-de-prensa\/\">Leer m\u00e1s<\/a><\/p>\n","protected":false},"author":2,"featured_media":29316,"comment_status":"closed","ping_status":"closed","sticky":false,"template":"","format":"standard","meta":{"footnotes":""},"categories":[1],"tags":[],"class_list":["post-29315","post","type-post","status-publish","format-standard","has-post-thumbnail","hentry","category-cronica"],"_links":{"self":[{"href":"https:\/\/www.radiopresidenteibanez.cl\/web\/wp-json\/wp\/v2\/posts\/29315","targetHints":{"allow":["GET"]}}],"collection":[{"href":"https:\/\/www.radiopresidenteibanez.cl\/web\/wp-json\/wp\/v2\/posts"}],"about":[{"href":"https:\/\/www.radiopresidenteibanez.cl\/web\/wp-json\/wp\/v2\/types\/post"}],"author":[{"embeddable":true,"href":"https:\/\/www.radiopresidenteibanez.cl\/web\/wp-json\/wp\/v2\/users\/2"}],"replies":[{"embeddable":true,"href":"https:\/\/www.radiopresidenteibanez.cl\/web\/wp-json\/wp\/v2\/comments?post=29315"}],"version-history":[{"count":0,"href":"https:\/\/www.radiopresidenteibanez.cl\/web\/wp-json\/wp\/v2\/posts\/29315\/revisions"}],"wp:featuredmedia":[{"embeddable":true,"href":"https:\/\/www.radiopresidenteibanez.cl\/web\/wp-json\/wp\/v2\/media\/29316"}],"wp:attachment":[{"href":"https:\/\/www.radiopresidenteibanez.cl\/web\/wp-json\/wp\/v2\/media?parent=29315"}],"wp:term":[{"taxonomy":"category","embeddable":true,"href":"https:\/\/www.radiopresidenteibanez.cl\/web\/wp-json\/wp\/v2\/categories?post=29315"},{"taxonomy":"post_tag","embeddable":true,"href":"https:\/\/www.radiopresidenteibanez.cl\/web\/wp-json\/wp\/v2\/tags?post=29315"}],"curies":[{"name":"wp","href":"https:\/\/api.w.org\/{rel}","templated":true}]}}