{"id":293,"date":"2019-01-07T15:21:57","date_gmt":"2019-01-07T15:21:57","guid":{"rendered":"http:\/\/www.radiopresidenteibanez.cl\/web\/?p=293"},"modified":"2019-01-07T15:22:09","modified_gmt":"2019-01-07T15:22:09","slug":"carolina-goic-karim-bianchi-no-participaran-de-las-actividades-del-presidente-sebastian-pinera-en-nuestra-region","status":"publish","type":"post","link":"https:\/\/www.radiopresidenteibanez.cl\/web\/carolina-goic-karim-bianchi-no-participaran-de-las-actividades-del-presidente-sebastian-pinera-en-nuestra-region\/","title":{"rendered":"CAROLINA GOIC, KARIM BIANCHI NO PARTICIPAR\u00c1N DE LAS ACTIVIDADES DEL PRESIDENTE SEBASTI\u00c1N PI\u00d1ERA EN NUESTRA REGI\u00d3N"},"content":{"rendered":"\n<p>En las pr\u00f3ximas horas, hasta\nnuestra regi\u00f3n llegar\u00e1 el Presidente Sebasti\u00e1n Pi\u00f1era, en la que ser\u00e1 su\nsegundo visita luego de recibir el mando presidencial el pasado 11 de marzo,\nsus actividades estar\u00e1n enmarcadas en las ciudades de Puerto Williams, Punta\nArenas, y Tierra del Fuego.<\/p>\n\n\n\n<p>En la oportunidad la senadora\nCarolina Goic y el Diputado Karim Bianchi, no participar\u00e1n de las actividades\nque conlleva la visita presidencial, a diferencia del senador Carlos Bianchi y la\ndiputada Sandra Amar, a\u00fan no confirma su presencia el diputado, Gabriel Boric.<\/p>\n","protected":false},"excerpt":{"rendered":"<p>En las pr\u00f3ximas horas, hasta nuestra regi\u00f3n llegar\u00e1 el Presidente Sebasti\u00e1n Pi\u00f1era, en la que ser\u00e1 su segundo visita luego de recibir el mando presidencial el pasado 11 de marzo,&#8230; <a class=\"read-more\" href=\"https:\/\/www.radiopresidenteibanez.cl\/web\/carolina-goic-karim-bianchi-no-participaran-de-las-actividades-del-presidente-sebastian-pinera-en-nuestra-region\/\">Leer m\u00e1s<\/a><\/p>\n","protected":false},"author":2,"featured_media":294,"comment_status":"closed","ping_status":"closed","sticky":false,"template":"","format":"standard","meta":{"footnotes":""},"categories":[5],"tags":[],"class_list":["post-293","post","type-post","status-publish","format-standard","has-post-thumbnail","hentry","category-politica"],"_links":{"self":[{"href":"https:\/\/www.radiopresidenteibanez.cl\/web\/wp-json\/wp\/v2\/posts\/293","targetHints":{"allow":["GET"]}}],"collection":[{"href":"https:\/\/www.radiopresidenteibanez.cl\/web\/wp-json\/wp\/v2\/posts"}],"about":[{"href":"https:\/\/www.radiopresidenteibanez.cl\/web\/wp-json\/wp\/v2\/types\/post"}],"author":[{"embeddable":true,"href":"https:\/\/www.radiopresidenteibanez.cl\/web\/wp-json\/wp\/v2\/users\/2"}],"replies":[{"embeddable":true,"href":"https:\/\/www.radiopresidenteibanez.cl\/web\/wp-json\/wp\/v2\/comments?post=293"}],"version-history":[{"count":0,"href":"https:\/\/www.radiopresidenteibanez.cl\/web\/wp-json\/wp\/v2\/posts\/293\/revisions"}],"wp:featuredmedia":[{"embeddable":true,"href":"https:\/\/www.radiopresidenteibanez.cl\/web\/wp-json\/wp\/v2\/media\/294"}],"wp:attachment":[{"href":"https:\/\/www.radiopresidenteibanez.cl\/web\/wp-json\/wp\/v2\/media?parent=293"}],"wp:term":[{"taxonomy":"category","embeddable":true,"href":"https:\/\/www.radiopresidenteibanez.cl\/web\/wp-json\/wp\/v2\/categories?post=293"},{"taxonomy":"post_tag","embeddable":true,"href":"https:\/\/www.radiopresidenteibanez.cl\/web\/wp-json\/wp\/v2\/tags?post=293"}],"curies":[{"name":"wp","href":"https:\/\/api.w.org\/{rel}","templated":true}]}}