{"id":29186,"date":"2022-04-28T14:49:00","date_gmt":"2022-04-28T17:49:00","guid":{"rendered":"https:\/\/www.radiopresidenteibanez.cl\/web\/?p=29186"},"modified":"2022-04-28T12:47:10","modified_gmt":"2022-04-28T15:47:10","slug":"seremi-de-salud-francisca-sanfuentes-continua-su-recorrido-por-comunas-de-la-region-visitando-san-gregorio","status":"publish","type":"post","link":"https:\/\/www.radiopresidenteibanez.cl\/web\/seremi-de-salud-francisca-sanfuentes-continua-su-recorrido-por-comunas-de-la-region-visitando-san-gregorio\/","title":{"rendered":"SEREMI DE SALUD FRANCISCA SANFUENTES CONTINUA SU RECORRIDO POR COMUNAS DE LA REGION VISITANDO SAN GREGORIO"},"content":{"rendered":"\n<p>Despu\u00e9s\nde las actividades realizadas en Porvenir, la Seremi de Salud Magallanes, Francisca\nSanfuentes,&nbsp; se tralad\u00f3 esta ma\u00f1ana a la comuna\nde San Gregorio para comntinuar su recorrido por comunas de la regi\u00f3n y, en\nesta oportunidad, visitar en terreno el proceso de vacunaci\u00f3n escolar contra\nInfluenza y Covid-19 que lleva a cabo el equipo de salud de la Posta Rural de\nPunta Delgada con los ni\u00f1os y ni\u00f1as de la Escuela del mismo nombre.En la\noportunidad se inocularon m\u00e1s de 20 ni\u00f1os y ni\u00f1as.<\/p>\n\n\n\n<p>En\nsu primera visita como autoridad regional, la Dra. Sanfuentes se reuni\u00f3 con la\nAlcaldesa de San Gregorio, Jeannette Andrade con quien salud\u00f3 a profesores y\nestudiantes de la Escuela de Punta Delgada, destacando el entusiasmo de\nparticipar en la campa\u00f1a de inmunizaci\u00f3n que se lleva a cabo en el marco de\nPlan de Invierno. <\/p>\n\n\n\n<p>Al\nrespecto, la Autoridad Sanitaria dijo que: \u201cEn la comuna de San Gregorio\ntuvimos la oportunidad de saludar a su Alcaldesa Jeanette Andrade y acompa\u00f1ar\njuntas al proceso de vacunaci\u00f3n de los ni\u00f1os de la Escuela. Tambi\u00e9n estuvimos\nen la Posta de Salud Rural conversando con el equipo de salud que ah\u00ed se\ndesempe\u00f1a acerca de cu\u00e1les son sus desaf\u00edos. Quiero reconocer el importante\ntrabajo que realizan d\u00eda a d\u00eda con las comunidades en localidades como San\nGregorio que est\u00e1n alejadas de centros urbanos grandes\u201d. <\/p>\n\n\n\n<p>Mientras\nque la Alcaldesa de San Gregorio, Jeanette Andrade se\u00f1al\u00f3 que: \u201cEsto es muy\nimportante para nuestros ni\u00f1os pues nosotros somos una comuna peque\u00f1a, con poca\ncantidad de habitantes pero manejados por nuestra posta rural. Sabemos de la\nimportancia de prevenir enfermedades y por eso estamos ac\u00e1 con nuestros ni\u00f1os haciendo\nel llamado a cuidarnos\u201d.<\/p>\n\n\n\n<p>De\nesta forma, la titular de salud ha ido cumpliendo un programa de visita a las\ndiversas localidades de Magallanes, que comenz\u00f3 en Puerto Natales para\ncontinuar con Porvenir y San Gregorio.Se espera en las pr\u00f3ximas semanas\nproseguir con las actividades en terreno como una manera de desarrollar una la\nlabor cercana en los territorios.<\/p>\n","protected":false},"excerpt":{"rendered":"<p>Despu\u00e9s de las actividades realizadas en Porvenir, la Seremi de Salud Magallanes, Francisca Sanfuentes,&nbsp; se tralad\u00f3 esta ma\u00f1ana a la comuna de San Gregorio para comntinuar su recorrido por comunas&#8230; <a class=\"read-more\" href=\"https:\/\/www.radiopresidenteibanez.cl\/web\/seremi-de-salud-francisca-sanfuentes-continua-su-recorrido-por-comunas-de-la-region-visitando-san-gregorio\/\">Leer m\u00e1s<\/a><\/p>\n","protected":false},"author":2,"featured_media":29187,"comment_status":"closed","ping_status":"closed","sticky":false,"template":"","format":"standard","meta":{"footnotes":""},"categories":[1],"tags":[],"class_list":["post-29186","post","type-post","status-publish","format-standard","has-post-thumbnail","hentry","category-cronica"],"_links":{"self":[{"href":"https:\/\/www.radiopresidenteibanez.cl\/web\/wp-json\/wp\/v2\/posts\/29186","targetHints":{"allow":["GET"]}}],"collection":[{"href":"https:\/\/www.radiopresidenteibanez.cl\/web\/wp-json\/wp\/v2\/posts"}],"about":[{"href":"https:\/\/www.radiopresidenteibanez.cl\/web\/wp-json\/wp\/v2\/types\/post"}],"author":[{"embeddable":true,"href":"https:\/\/www.radiopresidenteibanez.cl\/web\/wp-json\/wp\/v2\/users\/2"}],"replies":[{"embeddable":true,"href":"https:\/\/www.radiopresidenteibanez.cl\/web\/wp-json\/wp\/v2\/comments?post=29186"}],"version-history":[{"count":0,"href":"https:\/\/www.radiopresidenteibanez.cl\/web\/wp-json\/wp\/v2\/posts\/29186\/revisions"}],"wp:featuredmedia":[{"embeddable":true,"href":"https:\/\/www.radiopresidenteibanez.cl\/web\/wp-json\/wp\/v2\/media\/29187"}],"wp:attachment":[{"href":"https:\/\/www.radiopresidenteibanez.cl\/web\/wp-json\/wp\/v2\/media?parent=29186"}],"wp:term":[{"taxonomy":"category","embeddable":true,"href":"https:\/\/www.radiopresidenteibanez.cl\/web\/wp-json\/wp\/v2\/categories?post=29186"},{"taxonomy":"post_tag","embeddable":true,"href":"https:\/\/www.radiopresidenteibanez.cl\/web\/wp-json\/wp\/v2\/tags?post=29186"}],"curies":[{"name":"wp","href":"https:\/\/api.w.org\/{rel}","templated":true}]}}