{"id":2913,"date":"2019-04-01T16:42:42","date_gmt":"2019-04-01T16:42:42","guid":{"rendered":"http:\/\/www.radiopresidenteibanez.cl\/web\/?p=2913"},"modified":"2019-04-01T16:43:26","modified_gmt":"2019-04-01T16:43:26","slug":"con-20-equipos-participando-se-inicio-el-campeonato-de-futbolito-rene-regueiro-ramirez-en-porvenir","status":"publish","type":"post","link":"https:\/\/www.radiopresidenteibanez.cl\/web\/con-20-equipos-participando-se-inicio-el-campeonato-de-futbolito-rene-regueiro-ramirez-en-porvenir\/","title":{"rendered":"CON 20 EQUIPOS PARTICIPANDO, SE INICI\u00d3 EL CAMPEONATO DE FUTBOLITO RENE REGUEIRO RAM\u00cdREZ EN PORVENIR"},"content":{"rendered":"\n<p>El fin de semana se dio\ninici\u00f3 a la segunda versi\u00f3n del campeonato de futbolito \u201cRene Regueiro\nRam\u00edrez\u201d, organizado por la corporaci\u00f3n municipal de deportes y recreaci\u00f3n de\nPorvenir.<\/p>\n\n\n\n<p>El certamen deportivo se\njuega con cuatro categor\u00edas, todo competidor donde participan 8 equipos que jugaran\ntodos contra todos y el ganador se definir\u00e1 a trav\u00e9s de una liguilla final. Las\ncategor\u00edas que participan son, s\u00e9nior con 5 equipos, s\u00faper s\u00e9nior con 4 equipos\ny este a\u00f1o se incorporaron 3 equipos femeninos todo competidor.<\/p>\n\n\n\n<p>La primera fecha se jug\u00f3\n\u00edntegramente en el estadio \u201cAlejandro Barrientos Barr\u00eda de nuestra ciudad y\nmostr\u00f3 gran entusiasmo por parte de los cerca de 200 jugadores que participan\nde este campeonato. Los encuentros se juegan en forma paralela, ya que la\norganizaci\u00f3n implemento para este a\u00f1o dividir la cancha en dos de tal manera de\njugar los partidos en forma simultanea.<\/p>\n\n\n\n<p>En la categor\u00eda todo\ncompetidor varones se disputar\u00e1 la copa de oro m\u00e1s un premio en dinero en\nefectivo que contempla $150.000 para el equipo campe\u00f3n adem\u00e1s de trofeos y\nmedallas para los jugadores.<\/p>\n\n\n\n<p>Se estima que este\ncampeonato de futbolito tenga una duraci\u00f3n de un mes y se jugar\u00e1 todos los\nfines de semana en el estadio de Porvenir.<\/p>\n\n\n\n<p>Al respecto el director ejecutivo de la corporaci\u00f3n municipal de deportes y recreaci\u00f3n de Porvenir, Andr\u00e9s L\u00f3pez Espa\u00f1a, se\u00f1al\u00f3 \u201clo que busca este campeonato de futbolito es que los jugadores que habitualmente no participan de las competencias oficiales del f\u00fatbol local, puedan entretenerse haciendo deporte y de esta manera pasar un momento agradable\u201d.<\/p>\n\n\n\n<figure class=\"wp-block-image\"><img loading=\"lazy\" decoding=\"async\" width=\"1024\" height=\"640\" src=\"https:\/\/www.radiopresidenteibanez.cl\/web\/wp-content\/uploads\/2019\/04\/Futbolito-1-1024x640.png\" alt=\"\" class=\"wp-image-2914\" srcset=\"https:\/\/www.radiopresidenteibanez.cl\/web\/wp-content\/uploads\/2019\/04\/Futbolito-1-1024x640.png 1024w, https:\/\/www.radiopresidenteibanez.cl\/web\/wp-content\/uploads\/2019\/04\/Futbolito-1-300x188.png 300w, https:\/\/www.radiopresidenteibanez.cl\/web\/wp-content\/uploads\/2019\/04\/Futbolito-1-768x480.png 768w, https:\/\/www.radiopresidenteibanez.cl\/web\/wp-content\/uploads\/2019\/04\/Futbolito-1.png 1440w\" sizes=\"auto, (max-width: 1024px) 100vw, 1024px\" \/><\/figure>\n","protected":false},"excerpt":{"rendered":"<p>El fin de semana se dio inici\u00f3 a la segunda versi\u00f3n del campeonato de futbolito \u201cRene Regueiro Ram\u00edrez\u201d, organizado por la corporaci\u00f3n municipal de deportes y recreaci\u00f3n de Porvenir. El&#8230; <a class=\"read-more\" href=\"https:\/\/www.radiopresidenteibanez.cl\/web\/con-20-equipos-participando-se-inicio-el-campeonato-de-futbolito-rene-regueiro-ramirez-en-porvenir\/\">Leer m\u00e1s<\/a><\/p>\n","protected":false},"author":2,"featured_media":2914,"comment_status":"closed","ping_status":"closed","sticky":false,"template":"","format":"standard","meta":{"footnotes":""},"categories":[3],"tags":[],"class_list":["post-2913","post","type-post","status-publish","format-standard","has-post-thumbnail","hentry","category-deportes"],"_links":{"self":[{"href":"https:\/\/www.radiopresidenteibanez.cl\/web\/wp-json\/wp\/v2\/posts\/2913","targetHints":{"allow":["GET"]}}],"collection":[{"href":"https:\/\/www.radiopresidenteibanez.cl\/web\/wp-json\/wp\/v2\/posts"}],"about":[{"href":"https:\/\/www.radiopresidenteibanez.cl\/web\/wp-json\/wp\/v2\/types\/post"}],"author":[{"embeddable":true,"href":"https:\/\/www.radiopresidenteibanez.cl\/web\/wp-json\/wp\/v2\/users\/2"}],"replies":[{"embeddable":true,"href":"https:\/\/www.radiopresidenteibanez.cl\/web\/wp-json\/wp\/v2\/comments?post=2913"}],"version-history":[{"count":0,"href":"https:\/\/www.radiopresidenteibanez.cl\/web\/wp-json\/wp\/v2\/posts\/2913\/revisions"}],"wp:featuredmedia":[{"embeddable":true,"href":"https:\/\/www.radiopresidenteibanez.cl\/web\/wp-json\/wp\/v2\/media\/2914"}],"wp:attachment":[{"href":"https:\/\/www.radiopresidenteibanez.cl\/web\/wp-json\/wp\/v2\/media?parent=2913"}],"wp:term":[{"taxonomy":"category","embeddable":true,"href":"https:\/\/www.radiopresidenteibanez.cl\/web\/wp-json\/wp\/v2\/categories?post=2913"},{"taxonomy":"post_tag","embeddable":true,"href":"https:\/\/www.radiopresidenteibanez.cl\/web\/wp-json\/wp\/v2\/tags?post=2913"}],"curies":[{"name":"wp","href":"https:\/\/api.w.org\/{rel}","templated":true}]}}