{"id":2910,"date":"2019-04-01T16:33:39","date_gmt":"2019-04-01T16:33:39","guid":{"rendered":"http:\/\/www.radiopresidenteibanez.cl\/web\/?p=2910"},"modified":"2019-04-01T16:34:18","modified_gmt":"2019-04-01T16:34:18","slug":"jovenes-emprendedores-magallanicos-construyen-mano-ortopedica-con-impresora-3d","status":"publish","type":"post","link":"https:\/\/www.radiopresidenteibanez.cl\/web\/jovenes-emprendedores-magallanicos-construyen-mano-ortopedica-con-impresora-3d\/","title":{"rendered":"J\u00d3VENES EMPRENDEDORES MAGALL\u00c1NICOS CONSTRUYEN MANO ORTOP\u00c9DICA CON IMPRESORA 3D"},"content":{"rendered":"\n<p>Innovaci\u00f3n y\ncompromiso social, esas parecen ser las cualidades que reunieron a Viviana\nC\u00e1rdenas, Ignacio Leiva y Gabriela D\u00edaz profesionales que crearon, gracias a la\ntecnolog\u00eda de la impresi\u00f3n 3D, una mano ortop\u00e9dica para un natalino que perdi\u00f3\nsu extremidad hace a\u00f1os, durante un accidente de trabajo en un aserradero. Ahora,\nla iniciativa busca conseguir un espacio de trabajo para llevar esta ayuda a\nm\u00e1s personas.<\/p>\n\n\n\n<p>\u201cVoy a tratar de\nhacer lo posible para acostumbrarme y salir adelante con la pr\u00f3tesis que me est\u00e1n\nregalando los chicos (\u2026) estoy muy agradecido de su trabajo, y ojal\u00e1 sigan\nadelante con esto y que sirva para muchas personas m\u00e1s\u201d, manifest\u00f3 Jos\u00e9 Vera\nMillalonco, usuario \u201cCero\u201d de la iniciativa impulsada por los profesionales\ninvolucrados.<\/p>\n\n\n\n<p>Todo nace en la\nmente creadora de Viviana e Ignacio, fundadores de la pyme Protos, quienes por\nmedio de las impresoras 3D han llegado a la fabricaci\u00f3n de un espectro tan\namplio de piezas y partes, que su \u201crepertorio\u201d incluye piezas industriales,\nmoldes de galletas, r\u00e9plicas de monumentos a escala, y una pr\u00f3tesis de extremidad\nsuperior funcional de bajo costo.<\/p>\n\n\n\n<p>As\u00ed lo detallan\nViviana e Ignacio, ambos ingenieros mec\u00e1nicos: \u201cEsto naci\u00f3 s\u00f3lo, y con las\npalabras m\u00e1s simples, de las ganas de ayudar. Encontramos la forma de llevar\nesto a pr\u00f3tesis, que es algo que se hace en otras partes, empezamos a buscar\ninformaci\u00f3n para poder concretar esto, pero siempre con la idea de ayudar\u201d.<\/p>\n\n\n\n<p>Digno de destacar\nes que el primer prototipo se ha financiado s\u00f3lo con recursos propios de los profesionales,\nadem\u00e1s del tiempo que se ha invertido, tanto en la fabricaci\u00f3n como en el\nseguimiento al usuario, ya que es ah\u00ed donde Gabriela ha tenido relevante participaci\u00f3n.<\/p>\n\n\n\n<p>\u201cAl ser \u00e9l\nnuestro \u2018caso cero\u2019, viene una parte en que nosotros comenzamos a ver c\u00f3mo \u00e9l\nincorpora esta pr\u00f3tesis en su diario vivir (\u2026) ahora se empiezan a entrenar\ntodas las habilidades manuales que por razones obvias perdi\u00f3, y que al\nincorporar este segmento, hay un tema de autoestima que debe ser atendido, un\nproceso sicol\u00f3gico involucrado; muchas veces el paciente se acostumbra a su\nnueva condici\u00f3n, pero interiormente ellos anhelan el segmento amputado, y eso\nes lo que en el fondo se logra al proveerlos de esto, y para eso hay tambi\u00e9n un\nproceso que se debe asumir\u201d, explic\u00f3 la terapeuta ocupacional, Gabriela D\u00edaz.<\/p>\n\n\n\n<p><strong>Una nueva mano<\/strong><\/p>\n\n\n\n<p>Si bien el\nprototipo creado por este grupo de emprendedores magall\u00e1nicos no reviste las\nprestaciones de los grandes brazos rob\u00f3ticos que se pueden ver en otros lugares\ndel mundo, lo cierto es que apunta a ser una extensi\u00f3n del miembro del paciente\ncompletamente funcional, con el que pueda en efecto levantar cosas y\ndesarrollar tareas que demanden m\u00ednima fuerza f\u00edsica.<\/p>\n\n\n\n<p>Es propio\nconsignar que, desde que se iniciaron las primeras pruebas con don Jos\u00e9, hasta\nla entrega del \u00faltimo modelo, pas\u00f3 un a\u00f1o de trabajo, adem\u00e1s de varios intentos\ny pruebas hasta llegar al modelo m\u00e1s ajustado a sus necesidades.<\/p>\n\n\n\n<p>El resultado de\ntanto trabajo fue evidente al ver al natalino alegre, practicando los primeros\nejercicios mientras el equipo afinaba detalles a medida que don Jos\u00e9 probaba la\npr\u00f3tesis. \u201cLo vimos a \u00e9l alegre, y con eso nosotros nos sentimos contentos de\nque haya resultado\u201d, coment\u00f3 Viviana C\u00e1rdenas.<\/p>\n\n\n\n<p>Ahora, lo que m\u00e1s requieren estos profesionales para continuar su trabajo son recursos, pero sobre todo, un espacio donde poder instalar sus equipos y establecerse, a fin de continuar con la obra que han comenzado. \u201cEsto no se acaba aqu\u00ed, hay que continuar con don Jos\u00e9, que siga su terapia. No s\u00f3lo es entregar la pr\u00f3tesis y listo, esto en realidad es s\u00f3lo el comienzo, y esperamos poder ayudar a m\u00e1s personas\u201d, concluyeron.<\/p>\n\n\n\n<figure class=\"wp-block-image\"><img loading=\"lazy\" decoding=\"async\" width=\"900\" height=\"599\" src=\"https:\/\/www.radiopresidenteibanez.cl\/web\/wp-content\/uploads\/2019\/04\/IMG_1259.jpg\" alt=\"\" class=\"wp-image-2911\" srcset=\"https:\/\/www.radiopresidenteibanez.cl\/web\/wp-content\/uploads\/2019\/04\/IMG_1259.jpg 900w, https:\/\/www.radiopresidenteibanez.cl\/web\/wp-content\/uploads\/2019\/04\/IMG_1259-300x200.jpg 300w, https:\/\/www.radiopresidenteibanez.cl\/web\/wp-content\/uploads\/2019\/04\/IMG_1259-768x511.jpg 768w\" sizes=\"auto, (max-width: 900px) 100vw, 900px\" \/><\/figure>\n","protected":false},"excerpt":{"rendered":"<p>Innovaci\u00f3n y compromiso social, esas parecen ser las cualidades que reunieron a Viviana C\u00e1rdenas, Ignacio Leiva y Gabriela D\u00edaz profesionales que crearon, gracias a la tecnolog\u00eda de la impresi\u00f3n 3D,&#8230; <a class=\"read-more\" href=\"https:\/\/www.radiopresidenteibanez.cl\/web\/jovenes-emprendedores-magallanicos-construyen-mano-ortopedica-con-impresora-3d\/\">Leer m\u00e1s<\/a><\/p>\n","protected":false},"author":2,"featured_media":2911,"comment_status":"closed","ping_status":"closed","sticky":false,"template":"","format":"standard","meta":{"footnotes":""},"categories":[1],"tags":[],"class_list":["post-2910","post","type-post","status-publish","format-standard","has-post-thumbnail","hentry","category-cronica"],"_links":{"self":[{"href":"https:\/\/www.radiopresidenteibanez.cl\/web\/wp-json\/wp\/v2\/posts\/2910","targetHints":{"allow":["GET"]}}],"collection":[{"href":"https:\/\/www.radiopresidenteibanez.cl\/web\/wp-json\/wp\/v2\/posts"}],"about":[{"href":"https:\/\/www.radiopresidenteibanez.cl\/web\/wp-json\/wp\/v2\/types\/post"}],"author":[{"embeddable":true,"href":"https:\/\/www.radiopresidenteibanez.cl\/web\/wp-json\/wp\/v2\/users\/2"}],"replies":[{"embeddable":true,"href":"https:\/\/www.radiopresidenteibanez.cl\/web\/wp-json\/wp\/v2\/comments?post=2910"}],"version-history":[{"count":0,"href":"https:\/\/www.radiopresidenteibanez.cl\/web\/wp-json\/wp\/v2\/posts\/2910\/revisions"}],"wp:featuredmedia":[{"embeddable":true,"href":"https:\/\/www.radiopresidenteibanez.cl\/web\/wp-json\/wp\/v2\/media\/2911"}],"wp:attachment":[{"href":"https:\/\/www.radiopresidenteibanez.cl\/web\/wp-json\/wp\/v2\/media?parent=2910"}],"wp:term":[{"taxonomy":"category","embeddable":true,"href":"https:\/\/www.radiopresidenteibanez.cl\/web\/wp-json\/wp\/v2\/categories?post=2910"},{"taxonomy":"post_tag","embeddable":true,"href":"https:\/\/www.radiopresidenteibanez.cl\/web\/wp-json\/wp\/v2\/tags?post=2910"}],"curies":[{"name":"wp","href":"https:\/\/api.w.org\/{rel}","templated":true}]}}