{"id":2906,"date":"2019-04-01T16:25:50","date_gmt":"2019-04-01T16:25:50","guid":{"rendered":"http:\/\/www.radiopresidenteibanez.cl\/web\/?p=2906"},"modified":"2019-04-01T16:25:59","modified_gmt":"2019-04-01T16:25:59","slug":"familias-se-unieron-a-conmemoracion-cequa-de-la-hora-del-planeta","status":"publish","type":"post","link":"https:\/\/www.radiopresidenteibanez.cl\/web\/familias-se-unieron-a-conmemoracion-cequa-de-la-hora-del-planeta\/","title":{"rendered":"FAMILIAS SE UNIERON A CONMEMORACI\u00d3N CEQUA DE LA HORA DEL PLANETA"},"content":{"rendered":"\n<p>Un\nentusiasta p\u00fablico, mayoritariamente conformado por familias, asisti\u00f3 a la\nactividad denominada La Hora del Planeta, organizada por el Centro Regional\nFundaci\u00f3n CEQUA para incentivar cambios de h\u00e1bitos que ayuden a combatir el\ncambio clim\u00e1tico en el mundo.<\/p>\n\n\n\n<p>De esta\nmanera Punta Arenas se sum\u00f3 a la convocatoria que tuvo el lema \u201cS\u00famate a la\ngeneraci\u00f3n del cambio\u201d y que se replic\u00f3 en todo el planeta para apoyar acciones\nque permitan a los seres humanos vivir en armon\u00eda con el ecosistema.<\/p>\n\n\n\n<p>La jornada\nse realiz\u00f3 este s\u00e1bado 30 de marzo en la Plaza de Armas Benjam\u00edn Mu\u00f1oz Gamero,\na partir de las 19 horas, y cont\u00f3 con la participaci\u00f3n de organizaciones y\nentidades interesadas en replicar pr\u00e1cticas m\u00e1s eficientes y responsables en el\nuso de la energ\u00eda y los recursos naturales, reduciendo sus emisiones de gases\nde efecto invernadero.<\/p>\n\n\n\n<p>La convocatoria cont\u00f3 con la participaci\u00f3n de la Seremi Medio\nAmbiente, Seremi de Energ\u00eda, Casa Azul del Arte, Jard\u00edn infantil y sala cuna\n\u201cMagallanes\u201d de Fundaci\u00f3n INTEGRA, Recipat, Ej\u00e9rcito a trav\u00e9s del Regimiento\nPudeto, y el \u201cTaller de reciclaje\u201d dependiente de la Direcci\u00f3n de Desarrollo\nComunitario (Dideco) de la Municipalidad de Punta Arenas.<\/p>\n\n\n\n<p>Romina L\u00f3pez, divulgadora cient\u00edfica para la educaci\u00f3n de\nFundaci\u00f3n CEQUA, manifest\u00f3 que si bien sabemos que el efecto de cambio\nclim\u00e1tico se encuentra en la palestra a nivel mundial y es de principal inter\u00e9s\ndel Estado, \u201cnos importaba mucho conocer la preocupaci\u00f3n que genera en los\nciudadanos de nuestra regi\u00f3n y que sepan que a escala local no estamos ajenos a\nsu impacto\u201d. <\/p>\n\n\n\n<p>Finalmente, como centro que contempla entre sus l\u00edneas de trabajo los eventos de cambios clim\u00e1tico y sus variaciones, destac\u00f3 la oportunidad que permiti\u00f3 \u201cgenerar un espacio de reflexi\u00f3n, el cual nos permiti\u00f3 a cada uno evaluar nuestro actuar y comprometernos a disminuir nuestra huella de carbono en cosas muy b\u00e1sicas, como son: desenchufar electrodom\u00e9sticos en desuso, apagar las luces cuando no sean necesarias, comprar electrodom\u00e9sticos m\u00e1s eficientes, o evitar usar el veh\u00edculo para distancias cortas, por nombrar algunas. Nos sumamos de esta forma a la generaci\u00f3n del cambio en beneficio de nuestros ecosistemas y por ende de nosotros mismos\u201d.<\/p>\n\n\n\n<ul class=\"wp-block-gallery columns-2 is-cropped wp-block-gallery-1 is-layout-flex wp-block-gallery-is-layout-flex\"><li class=\"blocks-gallery-item\"><figure><img loading=\"lazy\" decoding=\"async\" width=\"900\" height=\"600\" src=\"https:\/\/www.radiopresidenteibanez.cl\/web\/wp-content\/uploads\/2019\/04\/HORA-DEL-PLANETA3.jpg\" alt=\"\" data-id=\"2907\" data-link=\"https:\/\/www.radiopresidenteibanez.cl\/web\/?attachment_id=2907\" class=\"wp-image-2907\" srcset=\"https:\/\/www.radiopresidenteibanez.cl\/web\/wp-content\/uploads\/2019\/04\/HORA-DEL-PLANETA3.jpg 900w, https:\/\/www.radiopresidenteibanez.cl\/web\/wp-content\/uploads\/2019\/04\/HORA-DEL-PLANETA3-300x200.jpg 300w, https:\/\/www.radiopresidenteibanez.cl\/web\/wp-content\/uploads\/2019\/04\/HORA-DEL-PLANETA3-768x512.jpg 768w\" sizes=\"auto, (max-width: 900px) 100vw, 900px\" \/><\/figure><\/li><li class=\"blocks-gallery-item\"><figure><img loading=\"lazy\" decoding=\"async\" width=\"900\" height=\"600\" src=\"https:\/\/www.radiopresidenteibanez.cl\/web\/wp-content\/uploads\/2019\/04\/HORA-DEL-PLANETA5.jpg\" alt=\"\" data-id=\"2908\" data-link=\"https:\/\/www.radiopresidenteibanez.cl\/web\/?attachment_id=2908\" class=\"wp-image-2908\" srcset=\"https:\/\/www.radiopresidenteibanez.cl\/web\/wp-content\/uploads\/2019\/04\/HORA-DEL-PLANETA5.jpg 900w, https:\/\/www.radiopresidenteibanez.cl\/web\/wp-content\/uploads\/2019\/04\/HORA-DEL-PLANETA5-300x200.jpg 300w, https:\/\/www.radiopresidenteibanez.cl\/web\/wp-content\/uploads\/2019\/04\/HORA-DEL-PLANETA5-768x512.jpg 768w\" sizes=\"auto, (max-width: 900px) 100vw, 900px\" \/><\/figure><\/li><\/ul>\n","protected":false},"excerpt":{"rendered":"<p>Un entusiasta p\u00fablico, mayoritariamente conformado por familias, asisti\u00f3 a la actividad denominada La Hora del Planeta, organizada por el Centro Regional Fundaci\u00f3n CEQUA para incentivar cambios de h\u00e1bitos que ayuden&#8230; <a class=\"read-more\" href=\"https:\/\/www.radiopresidenteibanez.cl\/web\/familias-se-unieron-a-conmemoracion-cequa-de-la-hora-del-planeta\/\">Leer m\u00e1s<\/a><\/p>\n","protected":false},"author":2,"featured_media":2907,"comment_status":"closed","ping_status":"closed","sticky":false,"template":"","format":"standard","meta":{"footnotes":""},"categories":[1],"tags":[],"class_list":["post-2906","post","type-post","status-publish","format-standard","has-post-thumbnail","hentry","category-cronica"],"_links":{"self":[{"href":"https:\/\/www.radiopresidenteibanez.cl\/web\/wp-json\/wp\/v2\/posts\/2906","targetHints":{"allow":["GET"]}}],"collection":[{"href":"https:\/\/www.radiopresidenteibanez.cl\/web\/wp-json\/wp\/v2\/posts"}],"about":[{"href":"https:\/\/www.radiopresidenteibanez.cl\/web\/wp-json\/wp\/v2\/types\/post"}],"author":[{"embeddable":true,"href":"https:\/\/www.radiopresidenteibanez.cl\/web\/wp-json\/wp\/v2\/users\/2"}],"replies":[{"embeddable":true,"href":"https:\/\/www.radiopresidenteibanez.cl\/web\/wp-json\/wp\/v2\/comments?post=2906"}],"version-history":[{"count":0,"href":"https:\/\/www.radiopresidenteibanez.cl\/web\/wp-json\/wp\/v2\/posts\/2906\/revisions"}],"wp:featuredmedia":[{"embeddable":true,"href":"https:\/\/www.radiopresidenteibanez.cl\/web\/wp-json\/wp\/v2\/media\/2907"}],"wp:attachment":[{"href":"https:\/\/www.radiopresidenteibanez.cl\/web\/wp-json\/wp\/v2\/media?parent=2906"}],"wp:term":[{"taxonomy":"category","embeddable":true,"href":"https:\/\/www.radiopresidenteibanez.cl\/web\/wp-json\/wp\/v2\/categories?post=2906"},{"taxonomy":"post_tag","embeddable":true,"href":"https:\/\/www.radiopresidenteibanez.cl\/web\/wp-json\/wp\/v2\/tags?post=2906"}],"curies":[{"name":"wp","href":"https:\/\/api.w.org\/{rel}","templated":true}]}}