{"id":29059,"date":"2022-04-25T09:48:00","date_gmt":"2022-04-25T12:48:00","guid":{"rendered":"https:\/\/www.radiopresidenteibanez.cl\/web\/?p=29059"},"modified":"2022-04-25T15:20:09","modified_gmt":"2022-04-25T18:20:09","slug":"municipio-de-punta-arenas-invita-a-participar-de-una-encuesta-que-permitira-elaborar-diseno-para-mejorar-miradores-y-veredas-del-cerro-de-la-cruz","status":"publish","type":"post","link":"https:\/\/www.radiopresidenteibanez.cl\/web\/municipio-de-punta-arenas-invita-a-participar-de-una-encuesta-que-permitira-elaborar-diseno-para-mejorar-miradores-y-veredas-del-cerro-de-la-cruz\/","title":{"rendered":"MUNICIPIO DE PUNTA ARENAS INVITA A PARTICIPAR DE UNA ENCUESTA QUE PERMITIR\u00c1 ELABORAR DISE\u00d1O PARA MEJORAR MIRADORES Y VEREDAS DEL CERRO DE LA CRUZ"},"content":{"rendered":"\n<p>&nbsp;La idea nace hace poco m\u00e1s de 4 a\u00f1os desde la Municipalidad de Punta Arenas, con el af\u00e1n de generar una intervenci\u00f3n por medio de un Plan Maestro, &nbsp;incluyendo 4 proyectos en el Cerro de la Cruz, como son: Recuperaci\u00f3n de las Veredas, Mejoramiento y Recuperaci\u00f3n de los Miradores, Centro de Visitantes para la comuna y la implementaci\u00f3n de un ascensor panor\u00e1mico para otorgar accesibilidad universal a la zona determinada, lo que ha ido tomando forma y logrando la inyecci\u00f3n de recursos para su implementaci\u00f3n.<\/p>\n\n\n\n<p>\u00c1lvaro Guzm\u00e1n, director de Planificaci\u00f3n del municipio, explic\u00f3 que \u201cesta consulta que est\u00e1 hoy d\u00eda en curso, tiene relaci\u00f3n con el proyecto municipal que pretende realizar un dise\u00f1o relacionado a los distintos miradores que conforman &nbsp;el Cerro de la Cruz, y lo que busca esta es conformar a trav\u00e9s de la ciudadan\u00eda rescatar los elementos patrimoniales, hist\u00f3rico o de esparcimiento, logrando establecer un nuevo punto de inter\u00e9s tur\u00edstico para la ciudad\u201d.<\/p>\n\n\n\n<p>En cuanto a los pasos a seguir, el director de planificaci\u00f3n agreg\u00f3 que \u201cla idea es poder elaborar una propuesta de mejora de estos espacios, enmarcados en el progreso del sector, dentro del marco de un plan maestro que pretende intervenir la zona en diversos \u00e1mbitos, poniendo el valor el barrio y su patrimonio urbano\u201d.<\/p>\n\n\n\n<p>El proyecto incluir\u00e1 los resultados de esta encuesta, raz\u00f3n por la cual es importante generar mayor participaci\u00f3n, as\u00ed poder identificar qu\u00e9 es lo que requiere el lugar, lo que se materializa en el proyecto propiamente tal, estableciendo tiempos acorde a la puesta en valor del sector.<\/p>\n\n\n\n<p>Asimismo, seg\u00fan inform\u00f3 el Alcalde Claudio Radonich, el modelo de gesti\u00f3n busca integrar un punto tur\u00edstico de atracci\u00f3n para la comuna, lo cual podr\u00eda replicarse en otros espacios de Punta Arenas.<\/p>\n\n\n\n<p>La encuesta est\u00e1 a cargo de la Consultora Carlos Arratia Rodr\u00edguez, que se encuentra trabajando en el proyecto&nbsp; \u00abMejoramiento Red 4 miradores tur\u00edsticos y reposici\u00f3n de veredas, Cerro de La Cruz, Punta Arenas\u00bb, por encargo de la Municipalidad de Punta Arenas.<\/p>\n\n\n\n<p>Desde el municipio invitaron a contestar la Encuesta \u201cConociendo tu opini\u00f3n sobre los 4 miradores tur\u00edsticos y veredas Cerro la Cruz, Punta Arenas\u201d, ingresando al siguiente link:&nbsp;<a href=\"https:\/\/forms.gle\/BVyda4fT398HV2q68\" target=\"_blank\" rel=\"noreferrer noopener\">https:\/\/forms.gle\/BVyda4fT398HV2q68<\/a><\/p>\n\n\n\n<p>Los resultados de esta encuesta contribuir\u00e1n a contrastar informaci\u00f3n del diagn\u00f3stico y levantar propuestas para el dise\u00f1o final del proyecto.<\/p>\n","protected":false},"excerpt":{"rendered":"<p>&nbsp;La idea nace hace poco m\u00e1s de 4 a\u00f1os desde la Municipalidad de Punta Arenas, con el af\u00e1n de generar una intervenci\u00f3n por medio de un Plan Maestro, &nbsp;incluyendo 4&#8230; <a class=\"read-more\" href=\"https:\/\/www.radiopresidenteibanez.cl\/web\/municipio-de-punta-arenas-invita-a-participar-de-una-encuesta-que-permitira-elaborar-diseno-para-mejorar-miradores-y-veredas-del-cerro-de-la-cruz\/\">Leer m\u00e1s<\/a><\/p>\n","protected":false},"author":2,"featured_media":29060,"comment_status":"closed","ping_status":"closed","sticky":false,"template":"","format":"standard","meta":{"footnotes":""},"categories":[1],"tags":[],"class_list":["post-29059","post","type-post","status-publish","format-standard","has-post-thumbnail","hentry","category-cronica"],"_links":{"self":[{"href":"https:\/\/www.radiopresidenteibanez.cl\/web\/wp-json\/wp\/v2\/posts\/29059","targetHints":{"allow":["GET"]}}],"collection":[{"href":"https:\/\/www.radiopresidenteibanez.cl\/web\/wp-json\/wp\/v2\/posts"}],"about":[{"href":"https:\/\/www.radiopresidenteibanez.cl\/web\/wp-json\/wp\/v2\/types\/post"}],"author":[{"embeddable":true,"href":"https:\/\/www.radiopresidenteibanez.cl\/web\/wp-json\/wp\/v2\/users\/2"}],"replies":[{"embeddable":true,"href":"https:\/\/www.radiopresidenteibanez.cl\/web\/wp-json\/wp\/v2\/comments?post=29059"}],"version-history":[{"count":0,"href":"https:\/\/www.radiopresidenteibanez.cl\/web\/wp-json\/wp\/v2\/posts\/29059\/revisions"}],"wp:featuredmedia":[{"embeddable":true,"href":"https:\/\/www.radiopresidenteibanez.cl\/web\/wp-json\/wp\/v2\/media\/29060"}],"wp:attachment":[{"href":"https:\/\/www.radiopresidenteibanez.cl\/web\/wp-json\/wp\/v2\/media?parent=29059"}],"wp:term":[{"taxonomy":"category","embeddable":true,"href":"https:\/\/www.radiopresidenteibanez.cl\/web\/wp-json\/wp\/v2\/categories?post=29059"},{"taxonomy":"post_tag","embeddable":true,"href":"https:\/\/www.radiopresidenteibanez.cl\/web\/wp-json\/wp\/v2\/tags?post=29059"}],"curies":[{"name":"wp","href":"https:\/\/api.w.org\/{rel}","templated":true}]}}