{"id":29041,"date":"2022-04-22T13:06:31","date_gmt":"2022-04-22T16:06:31","guid":{"rendered":"https:\/\/www.radiopresidenteibanez.cl\/web\/?p=29041"},"modified":"2022-04-22T22:27:41","modified_gmt":"2022-04-23T01:27:41","slug":"fallece-jorge-antonio-silva","status":"publish","type":"post","link":"https:\/\/www.radiopresidenteibanez.cl\/web\/fallece-jorge-antonio-silva\/","title":{"rendered":"FALLECE  JORGE  ANTONIO  SILVA"},"content":{"rendered":"\n<figure class=\"wp-block-video\"><video height=\"1080\" style=\"aspect-ratio: 1440 \/ 1080;\" width=\"1440\" autoplay controls loop src=\"https:\/\/www.radiopresidenteibanez.cl\/web\/wp-content\/uploads\/2022\/04\/ADIOS-JORGE-ANTONIO-SILVA.mp4\"><\/video><\/figure>\n\n\n\n<p>ESTE\nJUEVES A LA EDAD DE 84 A\u00d1OS, SE SILENCI\u00d3 OTRA VOZ DE LA RADIO EN MAGALLANES. <\/p>\n\n\n\n<p>EN&nbsp; EL HOSPITAL CL\u00cdNICO DE PUNTA ARENAS, DEJ\u00d3 DE\nEXISTIR EL CONOCIDO Y MUY APRECIADO HOMBRE DE RADIO, EL PUNTARENENSE JORGE\nANTONIO SILVA MEDINA. <\/p>\n\n\n\n<p>GRAN\nRELATOR Y&nbsp; CONDUCTOR DE PROGRAMAS\nDEPORTIVOS, UN PROFESIONAL DE LA RADIOTERLEFON\u00cdA, FUE INICIADOR Y FORJADOR DE\nMUCHOS QUE AMAN LA PASION DE MICR\u00d3FONO.<\/p>\n\n\n\n<p>POSEEDOR\nDE UNA MUY BUENA DICCI\u00d3N, SIEMPRE ALEGRE, Y CON LA TALLA A FLOR DE LABIOS.<\/p>\n\n\n\n<p>EN\nSUS INICIOS FUE FUNCIONARIO DE LA SOCIEDAD EXPLOTADORA TIERRA DEL FUEGO, LUEGO\nFUE A ESTABLECERSE EN SANTIAGO DONDE TRABAJ\u00d3 COMO RELATOR DEPORTIVO EN\nDIFERENTES EMISORAS CAPITALINAS, JUNTO A GRANDES PERIODISTAS DEPORTIVOS\nNACICIONALES CUBRIENDO EL F\u00daTBOL PROFESIONAL CHILENO.<\/p>\n\n\n\n<p>TAMBI\u00c9N\nJORGE ANTONIO SILVA JUG\u00d3 FUTBOL EN NUESTRA CIUDAD, DEFENDIENDO LA CAMISETA DEL\nCLUB DEPORTIVO SCOUT, LLEGANDO A ACTUAR EN LA PRIMERA DIVISI\u00d3N LOCAL.<\/p>\n\n\n\n<p>SU\nCALIDAD PROFESIONAL, IMPARCIALIDAD Y RESPONSABILIDAD, LE PERMITIERON GANAR EN SANTIAGO,\nEL PREMIO \u201cMICR\u00d3FONO DE ORO\u201d DISTINCI\u00d3N QUE OTORGABA UNA EMISORA DE LA CAP\u00cdTAL\nAL MEJOR RELATOR DEL A\u00d1O. &nbsp;&nbsp;<\/p>\n\n\n\n<p>JUNTO\nA SU FAMILIA DESPU\u00c9S DE 20 A\u00d1OS RETORNA A NUESTRA CIUDAD, DESEMPE\u00d1\u00c1NDOSE EN\nDISTINTAS EMISORAS:<\/p>\n\n\n\n<p>LA\nVOZ DEL SUR, MINER\u00cdA, RADIO PDTE. IB\u00c1\u00d1EZ Y PAYNE DE PTO. NATALES. DONDE LLEG\u00d3 A\nSER SU DIRECTOR, D\u00c1NDOLE UN GRAN AUGE A LA EMISORA DE \u00daLTIMA ESPERANZA JUNTO A\nSU SE\u00d1ORA ELIANA GOMEZ.<\/p>\n\n\n\n<p>EN\nRADIO PRESIDENTE IBA\u00d1EZ FORM\u00d3 PARTE DEL EQUIPO DEPORTIVO QUE TRANSMITI\u00d3 EL\nCAMPEONATO NACIONAL DE FUTBOL DE 1980, QUE GAN\u00d3 PUNTA ARENAS, EN UNO DE LOS\nTRIUNFOS M\u00c1S IMPORTANTES DEL DEPORTE LOCAL, ALL\u00cd, JORGE ANTONIO TRABAJ\u00d3 JUNTO A\nVLADIMIRO MARTINIC, VICTOR LOV, JAIME ULLOA, FRANCISCO PEREZ SAN JUAN ENTRE\nOTROS,.<\/p>\n\n\n\n<p>Y\nEN LA \u00c9POCA DE ORO DEL BOXEO Y DEL BASQUETBOL NUESTRO, RELAT\u00d3 EL DEPORTE EN\nIBA\u00d1EZ, ACOMPA\u00d1ADO DE<\/p>\n\n\n\n<p>JAIME\nULLOA, JUAN EDMUNDO PERIC, VICTOR LOV, FRANCISCO P\u00c9REZ, ENRIQUE VILLAR,\nVLADIMIRO MARTINIC\u2026<\/p>\n\n\n\n<p>JORGE\nANTONIO SILVA EN SU VIDA FUE DISTINGUIDO COMO<\/p>\n\n\n\n<p>\u201c\nHIJO ILUSTRE DE PUEETO&nbsp; NATALES \u201c<\/p>\n\n\n\n<p>CON\nLA SALUD QUEBRANTADA PERMANECIO LOS \u00daLTIMOS A\u00d1OS EN EL CENTRO DE LARGA ESTAD\u00cdA\nELEAM DE NUESTRA CIUDAD<\/p>\n\n\n\n<p>&nbsp;SUS RESTOS FUERON TRASLADADOS A PUERTO NATALES\nDONDE SE EFECTUAR\u00c1 EL VELATORIO Y POSTERIOR SEPULTACI\u00d3N&nbsp; <\/p>\n\n\n\n<p>DESDE RADIO PDTE. IBA\u00d1EZ HACEMOS LLEGAR NUESTRAS CONDOLENCIAS&nbsp; A SU SE\u00d1ORA ELIANA GOMEZ, HIJA LORENA Y FAMILIAS, ANTE LA PARTIDA DE QUIEN NOS DEJARA PARA SIEMPRE,&nbsp; JORGE ANTONIO SILVA MEDINA (Q.E.P.D). <\/p>\n\n\n\n<p>POR JUAN EDMUNDO PERIC<\/p>\n","protected":false},"excerpt":{"rendered":"<p>ESTE JUEVES A LA EDAD DE 84 A\u00d1OS, SE SILENCI\u00d3 OTRA VOZ DE LA RADIO EN MAGALLANES. EN&nbsp; EL HOSPITAL CL\u00cdNICO DE PUNTA ARENAS, DEJ\u00d3 DE EXISTIR EL CONOCIDO Y&#8230; <a class=\"read-more\" href=\"https:\/\/www.radiopresidenteibanez.cl\/web\/fallece-jorge-antonio-silva\/\">Leer m\u00e1s<\/a><\/p>\n","protected":false},"author":2,"featured_media":28991,"comment_status":"closed","ping_status":"closed","sticky":false,"template":"","format":"standard","meta":{"footnotes":""},"categories":[1],"tags":[],"class_list":["post-29041","post","type-post","status-publish","format-standard","has-post-thumbnail","hentry","category-cronica"],"_links":{"self":[{"href":"https:\/\/www.radiopresidenteibanez.cl\/web\/wp-json\/wp\/v2\/posts\/29041","targetHints":{"allow":["GET"]}}],"collection":[{"href":"https:\/\/www.radiopresidenteibanez.cl\/web\/wp-json\/wp\/v2\/posts"}],"about":[{"href":"https:\/\/www.radiopresidenteibanez.cl\/web\/wp-json\/wp\/v2\/types\/post"}],"author":[{"embeddable":true,"href":"https:\/\/www.radiopresidenteibanez.cl\/web\/wp-json\/wp\/v2\/users\/2"}],"replies":[{"embeddable":true,"href":"https:\/\/www.radiopresidenteibanez.cl\/web\/wp-json\/wp\/v2\/comments?post=29041"}],"version-history":[{"count":0,"href":"https:\/\/www.radiopresidenteibanez.cl\/web\/wp-json\/wp\/v2\/posts\/29041\/revisions"}],"wp:featuredmedia":[{"embeddable":true,"href":"https:\/\/www.radiopresidenteibanez.cl\/web\/wp-json\/wp\/v2\/media\/28991"}],"wp:attachment":[{"href":"https:\/\/www.radiopresidenteibanez.cl\/web\/wp-json\/wp\/v2\/media?parent=29041"}],"wp:term":[{"taxonomy":"category","embeddable":true,"href":"https:\/\/www.radiopresidenteibanez.cl\/web\/wp-json\/wp\/v2\/categories?post=29041"},{"taxonomy":"post_tag","embeddable":true,"href":"https:\/\/www.radiopresidenteibanez.cl\/web\/wp-json\/wp\/v2\/tags?post=29041"}],"curies":[{"name":"wp","href":"https:\/\/api.w.org\/{rel}","templated":true}]}}