{"id":29032,"date":"2022-04-22T13:17:00","date_gmt":"2022-04-22T16:17:00","guid":{"rendered":"https:\/\/www.radiopresidenteibanez.cl\/web\/?p=29032"},"modified":"2022-04-22T12:33:35","modified_gmt":"2022-04-22T15:33:35","slug":"con-distintas-actividades-municipio-de-punta-arenas-conmemora-el-dia-del-libro","status":"publish","type":"post","link":"https:\/\/www.radiopresidenteibanez.cl\/web\/con-distintas-actividades-municipio-de-punta-arenas-conmemora-el-dia-del-libro\/","title":{"rendered":"CON DISTINTAS ACTIVIDADES MUNICIPIO DE PUNTA ARENAS CONMEMORA EL DIA DEL LIBRO"},"content":{"rendered":"\n<p>Con el objetivo de concientizar y relevar la importancia que tienen la lectura y los libros en la vida y el desarrollo de las comunidades, el Municipio de Punta Arenas realizar\u00e1 dos actividades este viernes y s\u00e1bado, en el marco del D\u00eda Internacional del Libro, que se celebra el 23 de abril.<br>La primera actividad se llevar\u00e1 a cabo este viernes (22 de abril), a las 11 horas, en la construcci\u00f3n del nuevo Centro Cultural de la poblaci\u00f3n 18 de Septiembre (Cancha Rayada 0346), donde estudiantes de la escuela 18 de Septiembre realizar\u00e1n una intervenci\u00f3n en las afueras de estas dependencias, reforzando el trabajo colaborativo entre el establecimiento y la biblioteca municipal.<br>Posteriormente, el s\u00e1bado 23 de abril, a las 12 horas, en el Anfiteatro \u201cAndr\u00e9s P\u00e9rez Araya\u201d (Avenida Col\u00f3n con calle Bories), se realizar\u00e1 la celebraci\u00f3n oficial del D\u00eda Internacional del Libro, actividad art\u00edstico cultural donde los asistentes podr\u00e1n disfrutar de la obra teatralizada \u201cHistorias, f\u00e1bulas y delirios de la Patagonia\u201d, que corresponden a cuentos originales creados y protagonizados por el actor y creador literario, Mauricio Guichapany, en una puesta en escena acompa\u00f1ada en piano por Vicente Oyarz\u00fan. \u00a0<br>Adem\u00e1s, en la actividad se har\u00e1 entrega de libros y separadores de libros a las y los ciudadanos que transiten por el lugar, como una forma de poner en valor el ejercicio literario y fomentar la lectura.<br><\/p>\n","protected":false},"excerpt":{"rendered":"<p>Con el objetivo de concientizar y relevar la importancia que tienen la lectura y los libros en la vida y el desarrollo de las comunidades, el Municipio de Punta Arenas&#8230; <a class=\"read-more\" href=\"https:\/\/www.radiopresidenteibanez.cl\/web\/con-distintas-actividades-municipio-de-punta-arenas-conmemora-el-dia-del-libro\/\">Leer m\u00e1s<\/a><\/p>\n","protected":false},"author":2,"featured_media":29033,"comment_status":"closed","ping_status":"closed","sticky":false,"template":"","format":"standard","meta":{"footnotes":""},"categories":[1],"tags":[],"class_list":["post-29032","post","type-post","status-publish","format-standard","has-post-thumbnail","hentry","category-cronica"],"_links":{"self":[{"href":"https:\/\/www.radiopresidenteibanez.cl\/web\/wp-json\/wp\/v2\/posts\/29032","targetHints":{"allow":["GET"]}}],"collection":[{"href":"https:\/\/www.radiopresidenteibanez.cl\/web\/wp-json\/wp\/v2\/posts"}],"about":[{"href":"https:\/\/www.radiopresidenteibanez.cl\/web\/wp-json\/wp\/v2\/types\/post"}],"author":[{"embeddable":true,"href":"https:\/\/www.radiopresidenteibanez.cl\/web\/wp-json\/wp\/v2\/users\/2"}],"replies":[{"embeddable":true,"href":"https:\/\/www.radiopresidenteibanez.cl\/web\/wp-json\/wp\/v2\/comments?post=29032"}],"version-history":[{"count":0,"href":"https:\/\/www.radiopresidenteibanez.cl\/web\/wp-json\/wp\/v2\/posts\/29032\/revisions"}],"wp:featuredmedia":[{"embeddable":true,"href":"https:\/\/www.radiopresidenteibanez.cl\/web\/wp-json\/wp\/v2\/media\/29033"}],"wp:attachment":[{"href":"https:\/\/www.radiopresidenteibanez.cl\/web\/wp-json\/wp\/v2\/media?parent=29032"}],"wp:term":[{"taxonomy":"category","embeddable":true,"href":"https:\/\/www.radiopresidenteibanez.cl\/web\/wp-json\/wp\/v2\/categories?post=29032"},{"taxonomy":"post_tag","embeddable":true,"href":"https:\/\/www.radiopresidenteibanez.cl\/web\/wp-json\/wp\/v2\/tags?post=29032"}],"curies":[{"name":"wp","href":"https:\/\/api.w.org\/{rel}","templated":true}]}}