{"id":2903,"date":"2019-04-01T16:17:36","date_gmt":"2019-04-01T16:17:36","guid":{"rendered":"http:\/\/www.radiopresidenteibanez.cl\/web\/?p=2903"},"modified":"2019-04-01T16:18:14","modified_gmt":"2019-04-01T16:18:14","slug":"gobernacion-realizara-gobierno-en-terreno-inclusivo","status":"publish","type":"post","link":"https:\/\/www.radiopresidenteibanez.cl\/web\/gobernacion-realizara-gobierno-en-terreno-inclusivo\/","title":{"rendered":"GOBERNACI\u00d3N REALIZAR\u00c1 GOBIERNO EN TERRENO INCLUSIVO"},"content":{"rendered":"\n<p>Desde el a\u00f1o 2007, el 2 de abril fue instaurado como D\u00eda\nMundial de Concienciaci\u00f3n sobre el Autismo para relevar la necesidad de\ncontribuir a la mejora de la calidad de vida y concienciar a toda la\nsociedad, incluso a nivel familiar, sobre la situaci\u00f3n de los ni\u00f1os con\nautismo.<\/p>\n\n\n\n<p>Una vez m\u00e1s la gobernaci\u00f3n provincial de\nMagallanes, fortaleciendo la inclusi\u00f3n para todas las personas, se suma a la\nconmemoraci\u00f3n de este d\u00eda, dedicando su Gobierno en Terreno (GET), junto a\ntodos los servicios relacionados, al D\u00eda\nMundial de Concienciaci\u00f3n sobre el Autismo, que este a\u00f1o, Naciones Unidas ha\ncentrado en promover el uso de tecnolog\u00edas de asistencia, como una herramienta para eliminar las\nbarreras a la plena&nbsp;capacidad&nbsp;social, econ\u00f3mica y social de las personas con condici\u00f3n autista. <\/p>\n\n\n\n<p>Hay varios\nhitos importantes en esta actividad, el primero ocurrir\u00e1 el d\u00eda 1 de abril, a\nlas 15:00hrs, con la realizaci\u00f3n de un Di\u00e1logo ciudadano, que se realizar\u00e1 en\ndependencias del Inach, durante el cual participar\u00e1n todos los funcionarios que\nal d\u00eda siguiente trabajar\u00e1n en la plaza ciudadana GET, con el fin de recibir\ninformaci\u00f3n e instrucci\u00f3n de profesionales sobre la forma id\u00f3nea en que deber\u00e1n\nrelacionarse y atender a las personas con condici\u00f3n autista, siempre pensando\nen entregar la oferta p\u00fablica con una atenci\u00f3n digna.<\/p>\n\n\n\n<p>Otro hito\nse marcar\u00e1 el 02 de abril con una marcha, liderada por dos agrupaciones,\nconformadas por familiares, profesionales y amigos, que trabajan constantemente\ncon espectro autista, Te Abrazo y Red CEA Magallanes, que iniciar\u00e1n su caminata\na las 10:00 de la ma\u00f1ana en Col\u00f3n con Bories, culminando en la Plaza de Armas\ndonde ser\u00e1n recibidos por los 25 servicios participantes en el GET.<\/p>\n\n\n\n<p>El\ngobernador provincial de Magallanes, Homero Villegas Nu\u00f1ez, hace un especial\nllamado a participar de esta actividad que pretende visibilizar y trabajar en\nuna real y efectiva inclusi\u00f3n en personas con esta condici\u00f3n, que lleve a\nnuestra sociedad a un cambio cultural y de absoluta empat\u00eda. El ponerse en el\nlugar del otro abre el camino a la comprensi\u00f3n.<\/p>\n\n\n\n<p>Las\ndistintas instituciones y servicios comprometidos son: Seremi de Desarrollo\nSocial, Seremi de Salud, Seremi del Trabajo, Seremi de Deportes, Seremi Educaci\u00f3n,\nSENAMA, Ilustre Municipalidad de Punta Arenas, Registro Civil, FOSIS, SENCE,\nCONAF, SENADIS, CONADI, INJUV, COMPIN, Corporaci\u00f3n de Salud, M\u00f3vil Dental,\nINACAP, Santo Tom\u00e1s, UMAG, IST, Te abrazo Magallanes, OPD.<\/p>\n\n\n\n<p>El Gobierno\nen Terreno, como su nombre lo indica fue concebido como un programa que permite\nel acercamiento de la oferta p\u00fablica, con respuestas y orientaci\u00f3n a las\nnecesidades y problem\u00e1ticas relevantes que presentan las personas en el\nterritorio, d\u00e1ndoles a conocer la oferta p\u00fablica existente. <\/p>\n\n\n\n<p>Queremos relevar el aporte de las personas con\nautismo y sus familias en la sociedad actual, e invitamos a todos los\nmagall\u00e1nicos a contribuir a un cambio cultural y de real inclusi\u00f3n, que valore\nel aporte de todas las personas a nuestra sociedad.<\/p>\n\n\n\n<p><strong>Autismo<\/strong><\/p>\n\n\n\n<p>El autismo es una afecci\u00f3n neurol\u00f3gica permanente que se manifiesta en la primera infancia. Un apoyo y un entorno adecuado y la aceptaci\u00f3n de esta variaci\u00f3n neurol\u00f3gica permiten a aquellos que viven con trastornos del espectro autista disfrutar de las mismas oportunidades y participar de manera plena y eficaz en la sociedad.<\/p>\n\n\n\n<figure class=\"wp-block-image\"><img loading=\"lazy\" decoding=\"async\" width=\"792\" height=\"1024\" src=\"https:\/\/www.radiopresidenteibanez.cl\/web\/wp-content\/uploads\/2019\/04\/afiche-autismo-2019-792x1024.jpg\" alt=\"\" class=\"wp-image-2904\" srcset=\"https:\/\/www.radiopresidenteibanez.cl\/web\/wp-content\/uploads\/2019\/04\/afiche-autismo-2019-792x1024.jpg 792w, https:\/\/www.radiopresidenteibanez.cl\/web\/wp-content\/uploads\/2019\/04\/afiche-autismo-2019-232x300.jpg 232w, https:\/\/www.radiopresidenteibanez.cl\/web\/wp-content\/uploads\/2019\/04\/afiche-autismo-2019-768x993.jpg 768w, https:\/\/www.radiopresidenteibanez.cl\/web\/wp-content\/uploads\/2019\/04\/afiche-autismo-2019.jpg 900w\" sizes=\"auto, (max-width: 792px) 100vw, 792px\" \/><\/figure>\n","protected":false},"excerpt":{"rendered":"<p>Desde el a\u00f1o 2007, el 2 de abril fue instaurado como D\u00eda Mundial de Concienciaci\u00f3n sobre el Autismo para relevar la necesidad de contribuir a la mejora de la calidad&#8230; <a class=\"read-more\" href=\"https:\/\/www.radiopresidenteibanez.cl\/web\/gobernacion-realizara-gobierno-en-terreno-inclusivo\/\">Leer m\u00e1s<\/a><\/p>\n","protected":false},"author":2,"featured_media":2904,"comment_status":"closed","ping_status":"closed","sticky":false,"template":"","format":"standard","meta":{"footnotes":""},"categories":[1],"tags":[],"class_list":["post-2903","post","type-post","status-publish","format-standard","has-post-thumbnail","hentry","category-cronica"],"_links":{"self":[{"href":"https:\/\/www.radiopresidenteibanez.cl\/web\/wp-json\/wp\/v2\/posts\/2903","targetHints":{"allow":["GET"]}}],"collection":[{"href":"https:\/\/www.radiopresidenteibanez.cl\/web\/wp-json\/wp\/v2\/posts"}],"about":[{"href":"https:\/\/www.radiopresidenteibanez.cl\/web\/wp-json\/wp\/v2\/types\/post"}],"author":[{"embeddable":true,"href":"https:\/\/www.radiopresidenteibanez.cl\/web\/wp-json\/wp\/v2\/users\/2"}],"replies":[{"embeddable":true,"href":"https:\/\/www.radiopresidenteibanez.cl\/web\/wp-json\/wp\/v2\/comments?post=2903"}],"version-history":[{"count":0,"href":"https:\/\/www.radiopresidenteibanez.cl\/web\/wp-json\/wp\/v2\/posts\/2903\/revisions"}],"wp:featuredmedia":[{"embeddable":true,"href":"https:\/\/www.radiopresidenteibanez.cl\/web\/wp-json\/wp\/v2\/media\/2904"}],"wp:attachment":[{"href":"https:\/\/www.radiopresidenteibanez.cl\/web\/wp-json\/wp\/v2\/media?parent=2903"}],"wp:term":[{"taxonomy":"category","embeddable":true,"href":"https:\/\/www.radiopresidenteibanez.cl\/web\/wp-json\/wp\/v2\/categories?post=2903"},{"taxonomy":"post_tag","embeddable":true,"href":"https:\/\/www.radiopresidenteibanez.cl\/web\/wp-json\/wp\/v2\/tags?post=2903"}],"curies":[{"name":"wp","href":"https:\/\/api.w.org\/{rel}","templated":true}]}}