{"id":29008,"date":"2022-04-22T14:34:00","date_gmt":"2022-04-22T17:34:00","guid":{"rendered":"https:\/\/www.radiopresidenteibanez.cl\/web\/?p=29008"},"modified":"2022-04-22T11:24:34","modified_gmt":"2022-04-22T14:24:34","slug":"avanza-trabajo-conjunto-entre-gobernador-flies-y-el-alcalde-radonich","status":"publish","type":"post","link":"https:\/\/www.radiopresidenteibanez.cl\/web\/avanza-trabajo-conjunto-entre-gobernador-flies-y-el-alcalde-radonich\/","title":{"rendered":"AVANZA TRABAJO CONJUNTO ENTRE GOBERNADOR FLIES Y EL ALCALDE RADONICH"},"content":{"rendered":"\n<p>Con los equipos t\u00e9cnicos de ambos organismos, y luego de una reuni\u00f3n de poco m\u00e1s de dos horas, el Gobernador Regional, Jorge Flies y el Alcalde Claudio Radonich, confirmaron avances en la coordinaci\u00f3n y trabajo conjunto que han venido elaborando en el \u00faltimo tiempo, con miras al desarrollo y puesta en marcha de diversas iniciativas comunales que buscan mejorar la calidad de vida de los habitantes de Punta Arenas.<\/p>\n\n\n\n<p>\u201cEfectivamente, vamos muy bien encaminados en el trabajo conjunto entre Gobierno Regional y la Municipalidad de Punta Arenas, hoy tuvimos una extensa reuni\u00f3n entre los equipos t\u00e9cnicos de ambas organizaciones, y pudimos ver temas de com\u00fan inter\u00e9s, como el nuevo Plan Comunal e Intercomunal de Desarrollo, todo vinculado a la expansi\u00f3n urbana, que es algo que nos preocupa dado algunos abusos que hemos detectado, sobre todo en la venta de terrenos ilegales\u201d, explic\u00f3 Flies.<\/p>\n\n\n\n<p>En ese sentido, el Alcalde de la comuna agreg\u00f3 que \u201csi, vimos muchos temas y bastante avances, por ejemplo, hemos propuesto presentar una querella relacionada a la venta de Loteos Brujos, lo que claramente genera un problema social importante, as\u00ed que estamos afinando algunos detalles para presentarla junto al Gobernador\u201d.<\/p>\n\n\n\n<p>\u201cSabemos que todo esto tambi\u00e9n es consecuencia de la falta de planificaci\u00f3n, por tanto, ya estamos coordinados para presentar un requerimiento para concretar un Plano Regulador&nbsp; Intercomunal al Ministerio de Vivienda, pensando en lo que pasa en agua fresca o lo que ocurri\u00f3 en R\u00edo Seco, lugares que se ven afectados por su cercan\u00eda con las industrias producto de no contar con un instrumento acorde a la realidad y a la proyecci\u00f3n err\u00f3nea que se gener\u00f3 en su minuto\u201d, recalc\u00f3 Radonich.<\/p>\n\n\n\n<p>De igual forma, el Gobernador Regional, inform\u00f3 adem\u00e1s que en el \u00e1mbito de proyectos, \u201chemos presentado nuestro inter\u00e9s e intenci\u00f3n de ampliar significativamente el n\u00famero de proyectos FRIL (Fondo Regional de Iniciativas Locales), que permiten r\u00e1pida ejecuci\u00f3n y buen impacto en las comunidades, as\u00ed que repasamos en qu\u00e9 etapas se encuentran dichas iniciativas que se vinculan con luminarias, veredas o proyectos de infraestructura, que a medida que logren la recomendaci\u00f3n t\u00e9cnica, podamos ir empujando como Gobierno Regional\u201d.<\/p>\n\n\n\n<p>\u201cNuestra idea es poder avanzar en la presentaci\u00f3n de proyectos para lograr generar mejores \u00e1reas verdes, mayor iluminaci\u00f3n en los barrios, e insistir en la Pol\u00edtica Regional de Vivienda con las dos preguntas iniciales que tenemos, y que dicen relaci\u00f3n con la cantidad de casas que se construir\u00e1n y a que costo\u201d, explic\u00f3 el jefe comunal.<\/p>\n\n\n\n<p>Finalmente, y un tema de larga data para ambas autoridades, es la concreci\u00f3n de un Proyecto de Dise\u00f1o para la futura construcci\u00f3n de un Polideportivo, el cual seg\u00fan dijo el Alcalde, \u201cpresentaremos al Ministerio de Desarrollo Social, porque queremos que nuestra ciudad tenga un lugar adecuado para albergar eventos deportivos y culturales acorde a lo que necesitamos como capital regional, pensando en un lugar que pueda recibir 4 mil 500 personas o m\u00e1s, para lo cual ya obtuvimos el comodato hace algunos a\u00f1os, para poder concretarlo en las cercan\u00edas del actual gimnasio Fiscal de Punta Arenas\u201d.<\/p>\n","protected":false},"excerpt":{"rendered":"<p>Con los equipos t\u00e9cnicos de ambos organismos, y luego de una reuni\u00f3n de poco m\u00e1s de dos horas, el Gobernador Regional, Jorge Flies y el Alcalde Claudio Radonich, confirmaron avances&#8230; <a class=\"read-more\" href=\"https:\/\/www.radiopresidenteibanez.cl\/web\/avanza-trabajo-conjunto-entre-gobernador-flies-y-el-alcalde-radonich\/\">Leer m\u00e1s<\/a><\/p>\n","protected":false},"author":2,"featured_media":29009,"comment_status":"closed","ping_status":"closed","sticky":false,"template":"","format":"standard","meta":{"footnotes":""},"categories":[1],"tags":[],"class_list":["post-29008","post","type-post","status-publish","format-standard","has-post-thumbnail","hentry","category-cronica"],"_links":{"self":[{"href":"https:\/\/www.radiopresidenteibanez.cl\/web\/wp-json\/wp\/v2\/posts\/29008","targetHints":{"allow":["GET"]}}],"collection":[{"href":"https:\/\/www.radiopresidenteibanez.cl\/web\/wp-json\/wp\/v2\/posts"}],"about":[{"href":"https:\/\/www.radiopresidenteibanez.cl\/web\/wp-json\/wp\/v2\/types\/post"}],"author":[{"embeddable":true,"href":"https:\/\/www.radiopresidenteibanez.cl\/web\/wp-json\/wp\/v2\/users\/2"}],"replies":[{"embeddable":true,"href":"https:\/\/www.radiopresidenteibanez.cl\/web\/wp-json\/wp\/v2\/comments?post=29008"}],"version-history":[{"count":0,"href":"https:\/\/www.radiopresidenteibanez.cl\/web\/wp-json\/wp\/v2\/posts\/29008\/revisions"}],"wp:featuredmedia":[{"embeddable":true,"href":"https:\/\/www.radiopresidenteibanez.cl\/web\/wp-json\/wp\/v2\/media\/29009"}],"wp:attachment":[{"href":"https:\/\/www.radiopresidenteibanez.cl\/web\/wp-json\/wp\/v2\/media?parent=29008"}],"wp:term":[{"taxonomy":"category","embeddable":true,"href":"https:\/\/www.radiopresidenteibanez.cl\/web\/wp-json\/wp\/v2\/categories?post=29008"},{"taxonomy":"post_tag","embeddable":true,"href":"https:\/\/www.radiopresidenteibanez.cl\/web\/wp-json\/wp\/v2\/tags?post=29008"}],"curies":[{"name":"wp","href":"https:\/\/api.w.org\/{rel}","templated":true}]}}