{"id":290,"date":"2019-01-07T15:05:57","date_gmt":"2019-01-07T15:05:57","guid":{"rendered":"http:\/\/www.radiopresidenteibanez.cl\/web\/?p=290"},"modified":"2019-01-07T15:06:30","modified_gmt":"2019-01-07T15:06:30","slug":"concejal-aguilante-pide-se-garantice-calificaciones-justas-y-transparentes-para-funcionarios-municipales","status":"publish","type":"post","link":"https:\/\/www.radiopresidenteibanez.cl\/web\/concejal-aguilante-pide-se-garantice-calificaciones-justas-y-transparentes-para-funcionarios-municipales\/","title":{"rendered":"CONCEJAL AGUILANTE PIDE SE GARANTICE CALIFICACIONES JUSTAS Y TRANSPARENTES  PARA FUNCIONARIOS MUNICIPALES"},"content":{"rendered":"\n<p>Luego de haber participado de una reuni\u00f3n con dirigentes y funcionarios\nde la Municipalidad de Punta Arenas donde se formul\u00f3 una serie de aprensiones\nal proceso de calificaciones de algunos trabajadores, el concejal de la comuna\nJos\u00e9 Aguilante en sesi\u00f3n de Concejo solicit\u00f3 al alcalde pueda reconsiderar\naquellos casos de puntajes que se vieron disminuidos y que podr\u00edan afectar su\ncondici\u00f3n laboral respecto a ascensos y remuneraciones.<\/p>\n\n\n\n<p>El concejal manifest\u00f3 que de acuerdo a las informaciones\notorgadas por directivos serian un n\u00famero superior a los 35 funcionarios los\nque presentar\u00edan esta situaci\u00f3n producto de la baja de las puntuaciones.<\/p>\n\n\n\n<p>Tambi\u00e9n preocupa que esta disminuci\u00f3n se exprese de manera\nparticular en la direcci\u00f3n de Desarrollo Comunitario afectando a 21\nfuncionarios de dependencia de esta unidad. La mayor\u00eda de ellos son\nfuncionarios de carrera con muchos a\u00f1os de servicio municipal.<\/p>\n\n\n\n<p>De all\u00ed que el edil justific\u00f3 el llamado a generar el espacio\nde dialogo entre la primera autoridad municipal con los trabajadores quienes,\nde acuerdo a la norma respectiva, pueden apelar a esta calificaci\u00f3n, sobre todo\nconsiderando que la mayor\u00eda de los funcionarios afectados declararon que\ndurante los \u00faltimos a\u00f1os han obtenido calificaciones notoriamente m\u00e1s altas.<\/p>\n\n\n\n<p>Preocupa en particular que esta situaci\u00f3n se presente justo cuando\nse encuentran de cara al proceso de implementaci\u00f3n de la Nueva Ley de Plantas lo\npodr\u00eda dejarlos en desmedro respecto a las posibilidades de ascensos en sus\ngrados, y afectando la posibilidad cierta de mejorar sus condiciones\necon\u00f3micas.<\/p>\n\n\n\n<p>Finalmente el concejal solicito al alcalde poder garantizar\nun proceso de calificaciones justo y transparente respetando las condiciones\nlaborales de los funcionarios en materias de evaluaci\u00f3n funcionaria y\nconsiderando las apelaciones que la ley les permite como tales.<\/p>\n","protected":false},"excerpt":{"rendered":"<p>Luego de haber participado de una reuni\u00f3n con dirigentes y funcionarios de la Municipalidad de Punta Arenas donde se formul\u00f3 una serie de aprensiones al proceso de calificaciones de algunos&#8230; <a class=\"read-more\" href=\"https:\/\/www.radiopresidenteibanez.cl\/web\/concejal-aguilante-pide-se-garantice-calificaciones-justas-y-transparentes-para-funcionarios-municipales\/\">Leer m\u00e1s<\/a><\/p>\n","protected":false},"author":2,"featured_media":291,"comment_status":"closed","ping_status":"closed","sticky":false,"template":"","format":"standard","meta":{"footnotes":""},"categories":[1],"tags":[],"class_list":["post-290","post","type-post","status-publish","format-standard","has-post-thumbnail","hentry","category-cronica"],"_links":{"self":[{"href":"https:\/\/www.radiopresidenteibanez.cl\/web\/wp-json\/wp\/v2\/posts\/290","targetHints":{"allow":["GET"]}}],"collection":[{"href":"https:\/\/www.radiopresidenteibanez.cl\/web\/wp-json\/wp\/v2\/posts"}],"about":[{"href":"https:\/\/www.radiopresidenteibanez.cl\/web\/wp-json\/wp\/v2\/types\/post"}],"author":[{"embeddable":true,"href":"https:\/\/www.radiopresidenteibanez.cl\/web\/wp-json\/wp\/v2\/users\/2"}],"replies":[{"embeddable":true,"href":"https:\/\/www.radiopresidenteibanez.cl\/web\/wp-json\/wp\/v2\/comments?post=290"}],"version-history":[{"count":0,"href":"https:\/\/www.radiopresidenteibanez.cl\/web\/wp-json\/wp\/v2\/posts\/290\/revisions"}],"wp:featuredmedia":[{"embeddable":true,"href":"https:\/\/www.radiopresidenteibanez.cl\/web\/wp-json\/wp\/v2\/media\/291"}],"wp:attachment":[{"href":"https:\/\/www.radiopresidenteibanez.cl\/web\/wp-json\/wp\/v2\/media?parent=290"}],"wp:term":[{"taxonomy":"category","embeddable":true,"href":"https:\/\/www.radiopresidenteibanez.cl\/web\/wp-json\/wp\/v2\/categories?post=290"},{"taxonomy":"post_tag","embeddable":true,"href":"https:\/\/www.radiopresidenteibanez.cl\/web\/wp-json\/wp\/v2\/tags?post=290"}],"curies":[{"name":"wp","href":"https:\/\/api.w.org\/{rel}","templated":true}]}}