{"id":2898,"date":"2019-04-01T12:36:13","date_gmt":"2019-04-01T12:36:13","guid":{"rendered":"http:\/\/www.radiopresidenteibanez.cl\/web\/?p=2898"},"modified":"2019-04-01T12:36:51","modified_gmt":"2019-04-01T12:36:51","slug":"cadem-pinera-alcanza-la-desaprobacion-mensual-mas-alta-de-su-segundo-gobierno","status":"publish","type":"post","link":"https:\/\/www.radiopresidenteibanez.cl\/web\/cadem-pinera-alcanza-la-desaprobacion-mensual-mas-alta-de-su-segundo-gobierno\/","title":{"rendered":"CADEM: PI\u00d1ERA ALCANZA LA DESAPROBACI\u00d3N MENSUAL M\u00c1S ALTA DE SU SEGUNDO GOBIERNO"},"content":{"rendered":"\n<p>En la \u00faltima semana de marzo, Sebasti\u00e1n Pi\u00f1era registr\u00f3 una aprobaci\u00f3n del 39% y una desaprobaci\u00f3n del 46% en la&nbsp;<a href=\"https:\/\/www.cadem.cl\/encuestas\/estudio-no-272-01-de-abril\/\" target=\"_blank\" rel=\"noreferrer noopener\"><strong>encuesta Cadem<\/strong><\/a>.<\/p>\n\n\n\n<p>Si bien se trata de un resultado menos dram\u00e1tico que el de la \u00faltima semana (donde\u00a0<strong><a href=\"http:\/\/www.adnradio.cl\/noticias\/nacional\/cadem-pinera-alcanza-la-desaprobacion-mas-alta-de-su-segundo-gobierno\/20190325\/nota\/3881714.aspx\">un 50% de los encuestados lo reprob\u00f3<\/a><\/strong>), en el balance mensual, el Presidente se anot\u00f3 con los n\u00fameros m\u00e1s bajos de su segunda administraci\u00f3n.<\/p>\n\n\n\n<p>El mandatario registr\u00f3&nbsp;<strong>una aprobaci\u00f3n del 39%<\/strong>&nbsp;-similar a la alcanzada en diciembre del 2018, mes marcado por los coletazos del&nbsp;<a href=\"http:\/\/www.adnradio.cl\/noticias\/nacional\/chadwick-y-los-efectos-politicos-del-caso-catrillanca-no-me-siento-herido\/20190330\/nota\/3884394.aspx\">asesinato a Camilo Catrillanca<\/a>&#8211;&nbsp;<strong>y una desaprobaci\u00f3n del 48%<\/strong>, la m\u00e1s alta de su segundo gobierno.<\/p>\n\n\n\n<p>El respaldo a Pi\u00f1era se ha desplomado desde la pol\u00e9mica con los llamados medidores inteligentes\u00a0y la cumbre del Prosur, esta \u00faltima principalmente gatillada por la\u00a0<strong>imagen negativa que proyecta Jair Bolsonaro<\/strong>.<\/p>\n\n\n\n<p>Fuente: ADNRadio<\/p>\n\n\n\n<figure class=\"wp-block-image\"><img loading=\"lazy\" decoding=\"async\" width=\"770\" height=\"450\" src=\"https:\/\/www.radiopresidenteibanez.cl\/web\/wp-content\/uploads\/2019\/04\/3884812_n_vir3.jpg\" alt=\"\" class=\"wp-image-2899\" srcset=\"https:\/\/www.radiopresidenteibanez.cl\/web\/wp-content\/uploads\/2019\/04\/3884812_n_vir3.jpg 770w, https:\/\/www.radiopresidenteibanez.cl\/web\/wp-content\/uploads\/2019\/04\/3884812_n_vir3-300x175.jpg 300w, https:\/\/www.radiopresidenteibanez.cl\/web\/wp-content\/uploads\/2019\/04\/3884812_n_vir3-768x449.jpg 768w\" sizes=\"auto, (max-width: 770px) 100vw, 770px\" \/><\/figure>\n\n\n\n<p><br><\/p>\n","protected":false},"excerpt":{"rendered":"<p>En la \u00faltima semana de marzo, Sebasti\u00e1n Pi\u00f1era registr\u00f3 una aprobaci\u00f3n del 39% y una desaprobaci\u00f3n del 46% en la&nbsp;encuesta Cadem. Si bien se trata de un resultado menos dram\u00e1tico&#8230; <a class=\"read-more\" href=\"https:\/\/www.radiopresidenteibanez.cl\/web\/cadem-pinera-alcanza-la-desaprobacion-mensual-mas-alta-de-su-segundo-gobierno\/\">Leer m\u00e1s<\/a><\/p>\n","protected":false},"author":2,"featured_media":2899,"comment_status":"closed","ping_status":"closed","sticky":false,"template":"","format":"standard","meta":{"footnotes":""},"categories":[1],"tags":[],"class_list":["post-2898","post","type-post","status-publish","format-standard","has-post-thumbnail","hentry","category-cronica"],"_links":{"self":[{"href":"https:\/\/www.radiopresidenteibanez.cl\/web\/wp-json\/wp\/v2\/posts\/2898","targetHints":{"allow":["GET"]}}],"collection":[{"href":"https:\/\/www.radiopresidenteibanez.cl\/web\/wp-json\/wp\/v2\/posts"}],"about":[{"href":"https:\/\/www.radiopresidenteibanez.cl\/web\/wp-json\/wp\/v2\/types\/post"}],"author":[{"embeddable":true,"href":"https:\/\/www.radiopresidenteibanez.cl\/web\/wp-json\/wp\/v2\/users\/2"}],"replies":[{"embeddable":true,"href":"https:\/\/www.radiopresidenteibanez.cl\/web\/wp-json\/wp\/v2\/comments?post=2898"}],"version-history":[{"count":0,"href":"https:\/\/www.radiopresidenteibanez.cl\/web\/wp-json\/wp\/v2\/posts\/2898\/revisions"}],"wp:featuredmedia":[{"embeddable":true,"href":"https:\/\/www.radiopresidenteibanez.cl\/web\/wp-json\/wp\/v2\/media\/2899"}],"wp:attachment":[{"href":"https:\/\/www.radiopresidenteibanez.cl\/web\/wp-json\/wp\/v2\/media?parent=2898"}],"wp:term":[{"taxonomy":"category","embeddable":true,"href":"https:\/\/www.radiopresidenteibanez.cl\/web\/wp-json\/wp\/v2\/categories?post=2898"},{"taxonomy":"post_tag","embeddable":true,"href":"https:\/\/www.radiopresidenteibanez.cl\/web\/wp-json\/wp\/v2\/tags?post=2898"}],"curies":[{"name":"wp","href":"https:\/\/api.w.org\/{rel}","templated":true}]}}