{"id":2896,"date":"2019-04-01T12:30:48","date_gmt":"2019-04-01T12:30:48","guid":{"rendered":"http:\/\/www.radiopresidenteibanez.cl\/web\/?p=2896"},"modified":"2019-04-01T12:31:22","modified_gmt":"2019-04-01T12:31:22","slug":"otono-2019-memoria-y-dignidad","status":"publish","type":"post","link":"https:\/\/www.radiopresidenteibanez.cl\/web\/otono-2019-memoria-y-dignidad\/","title":{"rendered":"OTO\u00d1O 2019 : MEMORIA Y DIGNIDAD"},"content":{"rendered":"\n<p>La llegada del oto\u00f1o, nos est\u00e1 dejando, aparte de un\nmont\u00f3n de hojas amarillas y rojas, un sabor agridulce. Recuerdos tristes como\nla conmemoraci\u00f3n de la detenci\u00f3n y alevosa muerte de Nattino, Guerrero y\nParada. El llamado \u201ccaso degollados\u201d, por haber sido de este modo que fueron\nasesinados los tres profesionales comunistas. Y recuerdos de esperanza, de\ncoraje, al escuchar de nuevo al actor Roberto Parada continuar actuando en\nhomenaje a su hijo Manuel, minutos despu\u00ebs de enterarse de su muerte,<\/p>\n\n\n\n<p>Con toda seguridad, habr\u00e1 quienes se molesten porque\nvuelvan a aparecer estos nombres, tambien los de los hermanos Vergara Toledo,\ncuyo asesinatp dio lugar al \u201cD\u00eda del joven combatiente\u201d. Pero que se entienda\nbien. No es el odio ni los deseos de venganza, los que animan el recuerdo, por\nel contrario, es el profundo amor a la patria y a nuestro pueblo, es la entrega\ngenerosa a la causa de la libertad, cuando lo que se jugaba era la vida.<\/p>\n\n\n\n<p>Es necesaria la memoria para que la historia no se\nrepita.<\/p>\n\n\n\n<p>Y es que aun hoy d\u00eda, existe el \u201cnegacionismo\u201d, esa\nactitud de negar las violaciones a los DDHH, de negar las atrocidades e\ninsistir en justificaciones para el sangriento golpe militar. <\/p>\n\n\n\n<p>Nos visit\u00f3 en medio de la algarab\u00eda de la ultra derecha,\nuno de los defensores de la dictadura de Pinochet, el se\u00f1or Bolsonaro, presidente\nde Brasil. Homenajes varios, tortas y abrazos sonrientes . Un par de d\u00edas\ndespu\u00e9s, de vuelta en Brasil, emite una resoluci\u00f3n donde autoriza expresamente\na las fuerzas armadas la celebraci\u00f3n del golpe militar del a\u00f1o 1964.\nSimplemente horrendo.<\/p>\n\n\n\n<p>Nos falta tanto para recuperar nuestra vida en\ncomunidad, nuestro sentido de humanidad, est\u00e1 atravesado por nuestras ideas\npol\u00edticas, nuestra fe religiosa, nuestra condici\u00f3n social. <\/p>\n\n\n\n<p>Vivimos cada vez mas solos,&nbsp; encerrados entre cuatro paredes, con vallas\ncaa vez mas altas, y rejas hasta en la venana del ba\u00f1o. La vejez y la\nenfermedad tratamos de ahuyentarlas escondidos en el consumo, comprando cosas\nque ni necesitamos, y muchas veces no podemos pagar.<\/p>\n\n\n\n<p>Dicen que viviremos m\u00e1s que nuestros padres. Pero para\nqu\u00e9. Cual es el sentido de nuestra vida. Honramos con nuestra vida, a aquellos\nque estuvieron dispuestos a ofrendar sus vidas por una causa justa?<\/p>\n\n\n\n<p>En tiempos en que pareciera que los probemas de la\nvida, se reducen al tener y al comprar. Nos dicen que seremos mas pobres que\nnuestros padres, cuado estemos viejos. De pronto nos sentimos enga\u00f1ados. C\u00f3mo\nes esto, si&nbsp; trabajamos&nbsp; toda la vida, pagando imposiciones, impuestos\ny contribuciones. Simple, la inmensa acumulaci\u00f3n y concenraci\u00f3n de riqueza en\nmanos de unos pocos, es la causa de la miseria de una inmensa masa de personas.<\/p>\n\n\n\n<p>Viejos, pobres, pero con muchos a\u00f1os m\u00e1s de vida por\ndelante, lo que nos queda es seguir luchando, dar ejemplo a las nuevas\ngeneraciones. Menos consumir y m\u00e1s compartir. Menos tele y m\u00e1s conversaci\u00f3n con\nlos vecinos. Menos individualismo y m\u00e1s soluciones colectivas.<\/p>\n\n\n\n<p>Dicen que despu\u00e9s de la colusi\u00f3n de los pollos, de las\nfarmacias, del papel confort, ahora viene la colusi\u00f3n &nbsp;de las empresas \u201cde la luz\u201d. Dicen que\nnecesitamos comparles un nuevo y m\u00e1s inteligente medidor de luz. Ellos ofrecen\ndiez mil pesos por el medidor viejo, y tu tienes que pagarles 90 mil por el\nnuevo.<\/p>\n\n\n\n<p>Bueno, que sea esta la primera de muchas decisiones que tomemos para dar ejemplo de dignidad\u00a0 a nuestros hijos. Resistirse al portonazo de las el\u00e9ctricas ser\u00e1 la prueba de que hay esperanzas, en un futuro mejor para nuestros hijos.<\/p>\n\n\n\n<figure class=\"wp-block-image\"><img loading=\"lazy\" decoding=\"async\" width=\"1024\" height=\"768\" src=\"http:\/\/www.radiopresidenteibanez.cl\/web\/wp-content\/uploads\/2019\/03\/IMG-20190310-WA0014-1024x768.jpg\" alt=\"\" class=\"wp-image-2310\" srcset=\"https:\/\/www.radiopresidenteibanez.cl\/web\/wp-content\/uploads\/2019\/03\/IMG-20190310-WA0014.jpg 1024w, https:\/\/www.radiopresidenteibanez.cl\/web\/wp-content\/uploads\/2019\/03\/IMG-20190310-WA0014-300x225.jpg 300w, https:\/\/www.radiopresidenteibanez.cl\/web\/wp-content\/uploads\/2019\/03\/IMG-20190310-WA0014-768x576.jpg 768w\" sizes=\"auto, (max-width: 1024px) 100vw, 1024px\" \/><\/figure>\n","protected":false},"excerpt":{"rendered":"<p>La llegada del oto\u00f1o, nos est\u00e1 dejando, aparte de un mont\u00f3n de hojas amarillas y rojas, un sabor agridulce. Recuerdos tristes como la conmemoraci\u00f3n de la detenci\u00f3n y alevosa muerte&#8230; <a class=\"read-more\" href=\"https:\/\/www.radiopresidenteibanez.cl\/web\/otono-2019-memoria-y-dignidad\/\">Leer m\u00e1s<\/a><\/p>\n","protected":false},"author":2,"featured_media":2310,"comment_status":"closed","ping_status":"closed","sticky":false,"template":"","format":"standard","meta":{"footnotes":""},"categories":[1],"tags":[],"class_list":["post-2896","post","type-post","status-publish","format-standard","has-post-thumbnail","hentry","category-cronica"],"_links":{"self":[{"href":"https:\/\/www.radiopresidenteibanez.cl\/web\/wp-json\/wp\/v2\/posts\/2896","targetHints":{"allow":["GET"]}}],"collection":[{"href":"https:\/\/www.radiopresidenteibanez.cl\/web\/wp-json\/wp\/v2\/posts"}],"about":[{"href":"https:\/\/www.radiopresidenteibanez.cl\/web\/wp-json\/wp\/v2\/types\/post"}],"author":[{"embeddable":true,"href":"https:\/\/www.radiopresidenteibanez.cl\/web\/wp-json\/wp\/v2\/users\/2"}],"replies":[{"embeddable":true,"href":"https:\/\/www.radiopresidenteibanez.cl\/web\/wp-json\/wp\/v2\/comments?post=2896"}],"version-history":[{"count":0,"href":"https:\/\/www.radiopresidenteibanez.cl\/web\/wp-json\/wp\/v2\/posts\/2896\/revisions"}],"wp:featuredmedia":[{"embeddable":true,"href":"https:\/\/www.radiopresidenteibanez.cl\/web\/wp-json\/wp\/v2\/media\/2310"}],"wp:attachment":[{"href":"https:\/\/www.radiopresidenteibanez.cl\/web\/wp-json\/wp\/v2\/media?parent=2896"}],"wp:term":[{"taxonomy":"category","embeddable":true,"href":"https:\/\/www.radiopresidenteibanez.cl\/web\/wp-json\/wp\/v2\/categories?post=2896"},{"taxonomy":"post_tag","embeddable":true,"href":"https:\/\/www.radiopresidenteibanez.cl\/web\/wp-json\/wp\/v2\/tags?post=2896"}],"curies":[{"name":"wp","href":"https:\/\/api.w.org\/{rel}","templated":true}]}}