{"id":28949,"date":"2022-04-21T08:21:38","date_gmt":"2022-04-21T11:21:38","guid":{"rendered":"https:\/\/www.radiopresidenteibanez.cl\/web\/?p=28949"},"modified":"2022-04-21T08:21:43","modified_gmt":"2022-04-21T11:21:43","slug":"mop-y-gore-realizan-acciones-conjuntas-para-evaluacion-de-danos-tras-incendio-en-prefectura-de-carabineros","status":"publish","type":"post","link":"https:\/\/www.radiopresidenteibanez.cl\/web\/mop-y-gore-realizan-acciones-conjuntas-para-evaluacion-de-danos-tras-incendio-en-prefectura-de-carabineros\/","title":{"rendered":"MOP y GORE REALIZAN ACCIONES CONJUNTAS PARA EVALUACION DE DA\u00d1OS TRAS INCENDIO EN PREFECTURA DE CARABINEROS"},"content":{"rendered":"\n<p>Esta ma\u00f1ana se\ntrasladaron hasta las dependencias de la Prefectura de Carabineros, que result\u00f3\ndestruida por la acci\u00f3n del fuego el pasado domingo, el Gobernador Regional\nJorge Flies A\u00f1\u00f3n, Seremi de Obras P\u00fablicas Dahi\u00e1n Oyarz\u00fan Rathgeb, General de la polic\u00eda uniformada Claudio Pizarro, y\nrepresentantes de la Direcci\u00f3n de Arquitectura, Servicio Nacional del\nPatrimonio Cultural, Bienes Nacionales y otras carteras de Gobierno.<\/p>\n\n\n\n<p>Tras inspeccionar los da\u00f1os ocasionados por el siniestro, las autoridades\nencabezadas por el Gobernador Regional y la Seremi MOP,\ninformaron que la noche de este martes arrib\u00f3 a Punta Arenas el Ingeniero Civil Estructural, experto en Patrimonio, Eduardo Hurtado\nGajardo, qui\u00e9n realizar\u00e1 una evaluaci\u00f3n de la infraestructura y un diagn\u00f3stico\nacabado de la situaci\u00f3n actual del recinto, considerando que \u00e9ste colinda con\nla ex c\u00e1rcel de Punta Arenas, donde el Ministerio de Obras P\u00fablicas se\nencuentra realizando los procesos para generar un nuevo llamado a licitaci\u00f3n\npara el proyecto de Habilitaci\u00f3n y Construcci\u00f3n del Archivo y Biblioteca\nRegional. <\/p>\n\n\n\n<p>\u201cHemos seguido lo que son los resultados de esta emergencia y felicitamos al\nMinisterio de Obras P\u00fablicas porque en tiempo r\u00e9cord viaj\u00f3 ayer desde Santiago\nun ingeniero estructural para evaluar la infraestructura da\u00f1ada\u201d, sostuvo\nFlies.<\/p>\n\n\n\n<p>A\u00f1adi\u00f3 el Gobernador Regional que \u201cla prefectura y la zona de Carabineros\nson de los pocos edificios de Punta Arenas que son monumentos nacionales, en\nconjunto con la ex c\u00e1rcel, y lo que estamos pidiendo especialmente al ingeniero\ncalculista es que eval\u00fae el frontis, para ver si es recuperable, que es lo que\nse salv\u00f3 del incendio, y tambi\u00e9n va a evaluar otro proyecto que es emblem\u00e1tico\npara la regi\u00f3n que es en la ex c\u00e1rcel la Biblioteca y el Archivo Regional, dado\nque el muro colindante estuvo expuesto a altas temperaturas y con ello a\nposibles da\u00f1os estructurales importantes\u201d.<\/p>\n\n\n\n<p>\u201cEstamos muy contentos, en el sentido que estamos avanzando r\u00e1pidamente, y\nesperamos que los pr\u00f3ximos pasos sean el retiro de escombros y la demolici\u00f3n de\naquellas \u00e1reas que son peligrosas del edificio\u201d, concluy\u00f3 Flies.<\/p>\n\n\n\n<p>En tanto, la Seremi MOP destac\u00f3 que \u201ccomo Ministerio de Obras P\u00fablicas inmediatamente\nocurrido el siniestro activamos las alertas ante la Direcci\u00f3n Nacional de\nArquitectura, para poder contar a la brevedad posible con el ingeniero\ncalculista y con experiencia en patrimonio construido, quien hoy est\u00e1 con nosotros\ny realizar\u00e1 todas las pericias y evaluaciones necesarias, para posteriormente\nemitir un diagn\u00f3stico y entregar una propuesta de soluci\u00f3n al Gobierno Regional\ny a Carabineros, con el objetivo de definir acciones en conjunto para poder\nrestaurar y recuperar el conjunto de edificios patrimoniales de la ciudad\u201d.<\/p>\n","protected":false},"excerpt":{"rendered":"<p>Esta ma\u00f1ana se trasladaron hasta las dependencias de la Prefectura de Carabineros, que result\u00f3 destruida por la acci\u00f3n del fuego el pasado domingo, el Gobernador Regional Jorge Flies A\u00f1\u00f3n, Seremi&#8230; <a class=\"read-more\" href=\"https:\/\/www.radiopresidenteibanez.cl\/web\/mop-y-gore-realizan-acciones-conjuntas-para-evaluacion-de-danos-tras-incendio-en-prefectura-de-carabineros\/\">Leer m\u00e1s<\/a><\/p>\n","protected":false},"author":2,"featured_media":28950,"comment_status":"closed","ping_status":"closed","sticky":false,"template":"","format":"standard","meta":{"footnotes":""},"categories":[1],"tags":[],"class_list":["post-28949","post","type-post","status-publish","format-standard","has-post-thumbnail","hentry","category-cronica"],"_links":{"self":[{"href":"https:\/\/www.radiopresidenteibanez.cl\/web\/wp-json\/wp\/v2\/posts\/28949","targetHints":{"allow":["GET"]}}],"collection":[{"href":"https:\/\/www.radiopresidenteibanez.cl\/web\/wp-json\/wp\/v2\/posts"}],"about":[{"href":"https:\/\/www.radiopresidenteibanez.cl\/web\/wp-json\/wp\/v2\/types\/post"}],"author":[{"embeddable":true,"href":"https:\/\/www.radiopresidenteibanez.cl\/web\/wp-json\/wp\/v2\/users\/2"}],"replies":[{"embeddable":true,"href":"https:\/\/www.radiopresidenteibanez.cl\/web\/wp-json\/wp\/v2\/comments?post=28949"}],"version-history":[{"count":0,"href":"https:\/\/www.radiopresidenteibanez.cl\/web\/wp-json\/wp\/v2\/posts\/28949\/revisions"}],"wp:featuredmedia":[{"embeddable":true,"href":"https:\/\/www.radiopresidenteibanez.cl\/web\/wp-json\/wp\/v2\/media\/28950"}],"wp:attachment":[{"href":"https:\/\/www.radiopresidenteibanez.cl\/web\/wp-json\/wp\/v2\/media?parent=28949"}],"wp:term":[{"taxonomy":"category","embeddable":true,"href":"https:\/\/www.radiopresidenteibanez.cl\/web\/wp-json\/wp\/v2\/categories?post=28949"},{"taxonomy":"post_tag","embeddable":true,"href":"https:\/\/www.radiopresidenteibanez.cl\/web\/wp-json\/wp\/v2\/tags?post=28949"}],"curies":[{"name":"wp","href":"https:\/\/api.w.org\/{rel}","templated":true}]}}