{"id":2892,"date":"2019-04-01T12:21:51","date_gmt":"2019-04-01T12:21:51","guid":{"rendered":"http:\/\/www.radiopresidenteibanez.cl\/web\/?p=2892"},"modified":"2019-04-01T12:22:29","modified_gmt":"2019-04-01T12:22:29","slug":"expomundorural-2019-consolida-exito-en-ventas-y-cantidad-de-visitantes","status":"publish","type":"post","link":"https:\/\/www.radiopresidenteibanez.cl\/web\/expomundorural-2019-consolida-exito-en-ventas-y-cantidad-de-visitantes\/","title":{"rendered":"EXPOMUNDORURAL 2019 CONSOLIDA \u00c9XITO EN VENTAS Y CANTIDAD DE VISITANTES"},"content":{"rendered":"\n<p>\u201cHe participado en todas las ExpoMundoRural del\npa\u00eds y \u00e9sta mantiene la ruralidad y la identidad. Estoy muy contenta de la\ngente de Magallanes y los funcionarios de INDAP\u201d, dice Mar\u00eda Erna\nAguayo.&nbsp;&nbsp;Lleg\u00f3 con manjares, leche condensada y otros productos sin\naz\u00facar ni lactosa desde Curic\u00f3. Lo vendi\u00f3 todo: \u201cEstaban los reyes de Noruega,\npero terminamos siendo nosotras las reinas. Se pasaron, voy a volver\u201d, precisa.<\/p>\n\n\n\n<p>Elizabeth Portocarrero C\u00e1ceres, repite la historia.\nBroteandino nunca hab\u00eda llegado tan al sur. A las 17 horas ya ten\u00eda vendido\ntodos sus procesados de &nbsp;mango y\naj\u00ed.&nbsp;<\/p>\n\n\n\n<p>Otro caso es el de Jos\u00e9 Vera, \u201cDon Pepe\u201d \u2013como le\ndicen- lo vendi\u00f3 todo el primer d\u00eda, los 130 kilos de queso con los que lleg\u00f3\nde Chilo\u00e9 y que sorprendieron por su mezcla con especies como or\u00e9gano,\nalbahaca, centolla ahumada y merk\u00e9n. \u201cTra\u00edamos un buen poco, 130 kilos que se\ntraducen en 140 unidades, aproximadamente. No pens\u00e1bamos que nos ir\u00eda tan bien,\ntodo el mundo nos volv\u00eda a felicitar; yo volver\u00eda con todo gusto\u201d, concluy\u00f3.<\/p>\n\n\n\n<p>Al cierre de la jornada todos los expositores\nrecibieron un reconocimiento por parte de INDAP. Hubo m\u00fasica, discursos y\nagradecimientos: al compromiso de los consejeros regionales, y al convenio\nsuscrito con el Gobierno Regional que ha permitido aumentar la producci\u00f3n y\nmejorar la calidad de la infraestructura agr\u00edcola en la zona\naustral.&nbsp;&nbsp;Tambi\u00e9n a las m\u00e1s de diez mil personas que optaron,\nnuevamente, por los productos frescos, sanos e inocuos de la Patagonia.<\/p>\n\n\n\n<p>\u201cPara comercializar es necesario primero\nproducir y este a\u00f1o, gracias al convenio suscrito entre el Gobierno Regional e\nINDAP, se nota el aumento de hortalizas, pese incluso a las malas condiciones\nclim\u00e1ticas que alargaron el invierno\u201d, explic\u00f3 Petar Bradasic, director\nregional (s) de INDAP.<\/p>\n\n\n\n<p>Hasta antes del convenio, el tope disponible de\nINDAP para colocar por usuario que postulaba a un proyecto alcanzaba el mill\u00f3n\n200 mil pesos, hoy, gracias a los nuevos aportes sube 4 millones 500 mil pesos.\nEl dato no es menor considerando que el costo de un invernadero de 120 metros\ncuadrados supera los cinco millones de pesos.<\/p>\n\n\n\n<p>\u201cTenemos la infraestructura agr\u00edcola m\u00e1s cara del\npa\u00eds y manejamos fondos sectoriales limitados. Hoy, gracias al compromiso del\nGobierno Regional estamos reduciendo la brecha econ\u00f3mica y otorgando mejores\noportunidades para que los campesinos m\u00e1s vulnerables mejoren su calidad de\nvida\u201d, explic\u00f3 Petar Bradasic, director (s) INDAP.<\/p>\n\n\n\n<p><strong>Familias felices<\/strong><\/p>\n\n\n\n<p>En la ExpoMundoRural, no s\u00f3lo los expositores\nsalieron contentos con las ventas, los asistentes, quienes hicieron sus compras\ny disfrutaron de una jornada llena de actividades para toda la familia, se mostraron\nfelices con la amplia variedad de productos que pudieron adquirir y, sobre\ntodo, de su calidad.<\/p>\n\n\n\n<p>La magall\u00e1nica Claudia D\u00edaz, viene por tercer a\u00f1o\nconsecutivo a la muestra acompa\u00f1ada siempre de alg\u00fan familiar, y cada vez queda\nm\u00e1s maravillada y conforme con lo que puede encontrar. \u201cHay harta variedad de\nproductos regionales y a buenos precios, adem\u00e1s que es una feria accesible\ndonde est\u00e1n reunidos todos, entonces hay mayor oferta, la verdad es que es muy\nbuena, cien por ciento recomendable\u201d, coment\u00f3.<\/p>\n\n\n\n<p>Para Tito Rodr\u00edguez, la muestra tambi\u00e9n es un\npanorama que llama a todos los magall\u00e1nicos a conocer. Tras participar de uno\nde los talleres de Gastronom\u00eda a cargo del cocinero Andr\u00e9s Bravo, expres\u00f3 que\n\u201cme parece muy bien que den a conocer los productos de la zona, ya que yo,\npersonalmente, no conoc\u00eda el kale, y es muy rico\u201d.<\/p>\n\n\n\n<p>En su opini\u00f3n, \u201cla ExpoMundoRural est\u00e1 excelente, bien organizada como todos los a\u00f1os lo han hecho y los felicito por todo esto. He venido en varias oportunidades a comprar los productos regionales que obviamente hay que preferirlos porque son totalmente sanos y, lo m\u00e1s importante de todo, es mano magall\u00e1nica\u201d.<\/p>\n\n\n\n<ul class=\"wp-block-gallery columns-2 is-cropped wp-block-gallery-1 is-layout-flex wp-block-gallery-is-layout-flex\"><li class=\"blocks-gallery-item\"><figure><img loading=\"lazy\" decoding=\"async\" width=\"1024\" height=\"683\" src=\"http:\/\/www.radiopresidenteibanez.cl\/web\/wp-content\/uploads\/2019\/04\/Jos\u00e9-Vera-l\u00e1cteos-chonchi-quesos-1024x683.jpg\" alt=\"\" data-id=\"2894\" data-link=\"http:\/\/www.radiopresidenteibanez.cl\/web\/?attachment_id=2894\" class=\"wp-image-2894\" srcset=\"https:\/\/www.radiopresidenteibanez.cl\/web\/wp-content\/uploads\/2019\/04\/Jos\u00e9-Vera-l\u00e1cteos-chonchi-quesos-1024x683.jpg 1024w, https:\/\/www.radiopresidenteibanez.cl\/web\/wp-content\/uploads\/2019\/04\/Jos\u00e9-Vera-l\u00e1cteos-chonchi-quesos-300x200.jpg 300w, https:\/\/www.radiopresidenteibanez.cl\/web\/wp-content\/uploads\/2019\/04\/Jos\u00e9-Vera-l\u00e1cteos-chonchi-quesos-768x512.jpg 768w, https:\/\/www.radiopresidenteibanez.cl\/web\/wp-content\/uploads\/2019\/04\/Jos\u00e9-Vera-l\u00e1cteos-chonchi-quesos.jpg 2048w\" sizes=\"auto, (max-width: 1024px) 100vw, 1024px\" \/><\/figure><\/li><li class=\"blocks-gallery-item\"><figure><img loading=\"lazy\" decoding=\"async\" width=\"1000\" height=\"538\" src=\"http:\/\/www.radiopresidenteibanez.cl\/web\/wp-content\/uploads\/2019\/04\/foto-escenario-externo-expo-1.jpg\" alt=\"\" data-id=\"2893\" data-link=\"http:\/\/www.radiopresidenteibanez.cl\/web\/?attachment_id=2893\" class=\"wp-image-2893\" srcset=\"https:\/\/www.radiopresidenteibanez.cl\/web\/wp-content\/uploads\/2019\/04\/foto-escenario-externo-expo-1.jpg 1000w, https:\/\/www.radiopresidenteibanez.cl\/web\/wp-content\/uploads\/2019\/04\/foto-escenario-externo-expo-1-300x161.jpg 300w, https:\/\/www.radiopresidenteibanez.cl\/web\/wp-content\/uploads\/2019\/04\/foto-escenario-externo-expo-1-768x413.jpg 768w\" sizes=\"auto, (max-width: 1000px) 100vw, 1000px\" \/><\/figure><\/li><\/ul>\n","protected":false},"excerpt":{"rendered":"<p>\u201cHe participado en todas las ExpoMundoRural del pa\u00eds y \u00e9sta mantiene la ruralidad y la identidad. Estoy muy contenta de la gente de Magallanes y los funcionarios de INDAP\u201d, dice&#8230; <a class=\"read-more\" href=\"https:\/\/www.radiopresidenteibanez.cl\/web\/expomundorural-2019-consolida-exito-en-ventas-y-cantidad-de-visitantes\/\">Leer m\u00e1s<\/a><\/p>\n","protected":false},"author":2,"featured_media":2894,"comment_status":"closed","ping_status":"closed","sticky":false,"template":"","format":"standard","meta":{"footnotes":""},"categories":[1],"tags":[],"class_list":["post-2892","post","type-post","status-publish","format-standard","has-post-thumbnail","hentry","category-cronica"],"_links":{"self":[{"href":"https:\/\/www.radiopresidenteibanez.cl\/web\/wp-json\/wp\/v2\/posts\/2892","targetHints":{"allow":["GET"]}}],"collection":[{"href":"https:\/\/www.radiopresidenteibanez.cl\/web\/wp-json\/wp\/v2\/posts"}],"about":[{"href":"https:\/\/www.radiopresidenteibanez.cl\/web\/wp-json\/wp\/v2\/types\/post"}],"author":[{"embeddable":true,"href":"https:\/\/www.radiopresidenteibanez.cl\/web\/wp-json\/wp\/v2\/users\/2"}],"replies":[{"embeddable":true,"href":"https:\/\/www.radiopresidenteibanez.cl\/web\/wp-json\/wp\/v2\/comments?post=2892"}],"version-history":[{"count":0,"href":"https:\/\/www.radiopresidenteibanez.cl\/web\/wp-json\/wp\/v2\/posts\/2892\/revisions"}],"wp:featuredmedia":[{"embeddable":true,"href":"https:\/\/www.radiopresidenteibanez.cl\/web\/wp-json\/wp\/v2\/media\/2894"}],"wp:attachment":[{"href":"https:\/\/www.radiopresidenteibanez.cl\/web\/wp-json\/wp\/v2\/media?parent=2892"}],"wp:term":[{"taxonomy":"category","embeddable":true,"href":"https:\/\/www.radiopresidenteibanez.cl\/web\/wp-json\/wp\/v2\/categories?post=2892"},{"taxonomy":"post_tag","embeddable":true,"href":"https:\/\/www.radiopresidenteibanez.cl\/web\/wp-json\/wp\/v2\/tags?post=2892"}],"curies":[{"name":"wp","href":"https:\/\/api.w.org\/{rel}","templated":true}]}}