{"id":28914,"date":"2022-04-20T08:30:03","date_gmt":"2022-04-20T11:30:03","guid":{"rendered":"https:\/\/www.radiopresidenteibanez.cl\/web\/?p=28914"},"modified":"2022-04-20T08:30:10","modified_gmt":"2022-04-20T11:30:10","slug":"municipio-inicio-ciclo-de-charlas-sobre-inclusion-a-empresas-y-establecimientos-educacionales-de-punta-arenas","status":"publish","type":"post","link":"https:\/\/www.radiopresidenteibanez.cl\/web\/municipio-inicio-ciclo-de-charlas-sobre-inclusion-a-empresas-y-establecimientos-educacionales-de-punta-arenas\/","title":{"rendered":"MUNICIPIO INICIO CICLO DE CHARLAS SOBRE INCLUSION A EMPRESAS Y ESTABLECIMIENTOS EDUCACIONALES DE PUNTA ARENAS"},"content":{"rendered":"\n<p>Con el objetivo\nde educar a la comunidad de Punta Arenas respecto a los derechos y promover la\ninclusi\u00f3n laboral de las personas con discapacidad, el Municipio a trav\u00e9s de la\nUnidad de Discapacidad de la Direcci\u00f3n de Desarrollo Comunitario, se encuentra\nrealizando un ciclo de capacitaciones a distintos establecimientos\neducacionales y empresas de la comuna.<\/p>\n\n\n\n<p>La iniciativa,\nenmarcada en el proyecto Fonapi \u201cAlcanzando el cambio, educando en materia de\nderechos e igualdad de oportunidades\u201d, llegar\u00e1 a 5 establecimientos\neducacionales de ense\u00f1anza media y a 25 empresas de la comuna.<\/p>\n\n\n\n<p>\u201cEstamos en\nconvenio trabajando en este proyecto que tiene por objetivo la inclusi\u00f3n social\nde las personas en situaci\u00f3n de discapacidad, as\u00ed como la incorporaci\u00f3n en el\nmundo del trabajo a trav\u00e9s de estas charlas educativas que realizamos con\nempresas de la comuna en las cuales abordamos aspectos de la Ley de inclusi\u00f3n\nlaboral, la igualdad de oportunidades, la intermediaci\u00f3n laboral, y c\u00f3mo\nrealizar estos procesos para de esta manera entregar un mayor conocimiento a\nlas mismas empresas y propiciar los espacios de incorporaci\u00f3n laboral\u201d, afirm\u00f3\nla directora de Desarrollo Comunitario del Municipio de Punta Arenas, Elena\nBlackwood.<\/p>\n\n\n\n<p>La iniciativa es\nfinanciada por el Servicio Nacional de la Discapacidad, Senadis, a trav\u00e9s del\nFondo Nacional de Participaci\u00f3n de Proyectos Inclusivos y culmina en agosto de\n2022.<\/p>\n","protected":false},"excerpt":{"rendered":"<p>Con el objetivo de educar a la comunidad de Punta Arenas respecto a los derechos y promover la inclusi\u00f3n laboral de las personas con discapacidad, el Municipio a trav\u00e9s de&#8230; <a class=\"read-more\" href=\"https:\/\/www.radiopresidenteibanez.cl\/web\/municipio-inicio-ciclo-de-charlas-sobre-inclusion-a-empresas-y-establecimientos-educacionales-de-punta-arenas\/\">Leer m\u00e1s<\/a><\/p>\n","protected":false},"author":2,"featured_media":28915,"comment_status":"closed","ping_status":"closed","sticky":false,"template":"","format":"standard","meta":{"footnotes":""},"categories":[1],"tags":[],"class_list":["post-28914","post","type-post","status-publish","format-standard","has-post-thumbnail","hentry","category-cronica"],"_links":{"self":[{"href":"https:\/\/www.radiopresidenteibanez.cl\/web\/wp-json\/wp\/v2\/posts\/28914","targetHints":{"allow":["GET"]}}],"collection":[{"href":"https:\/\/www.radiopresidenteibanez.cl\/web\/wp-json\/wp\/v2\/posts"}],"about":[{"href":"https:\/\/www.radiopresidenteibanez.cl\/web\/wp-json\/wp\/v2\/types\/post"}],"author":[{"embeddable":true,"href":"https:\/\/www.radiopresidenteibanez.cl\/web\/wp-json\/wp\/v2\/users\/2"}],"replies":[{"embeddable":true,"href":"https:\/\/www.radiopresidenteibanez.cl\/web\/wp-json\/wp\/v2\/comments?post=28914"}],"version-history":[{"count":0,"href":"https:\/\/www.radiopresidenteibanez.cl\/web\/wp-json\/wp\/v2\/posts\/28914\/revisions"}],"wp:featuredmedia":[{"embeddable":true,"href":"https:\/\/www.radiopresidenteibanez.cl\/web\/wp-json\/wp\/v2\/media\/28915"}],"wp:attachment":[{"href":"https:\/\/www.radiopresidenteibanez.cl\/web\/wp-json\/wp\/v2\/media?parent=28914"}],"wp:term":[{"taxonomy":"category","embeddable":true,"href":"https:\/\/www.radiopresidenteibanez.cl\/web\/wp-json\/wp\/v2\/categories?post=28914"},{"taxonomy":"post_tag","embeddable":true,"href":"https:\/\/www.radiopresidenteibanez.cl\/web\/wp-json\/wp\/v2\/tags?post=28914"}],"curies":[{"name":"wp","href":"https:\/\/api.w.org\/{rel}","templated":true}]}}