{"id":2889,"date":"2019-04-01T12:13:16","date_gmt":"2019-04-01T12:13:16","guid":{"rendered":"http:\/\/www.radiopresidenteibanez.cl\/web\/?p=2889"},"modified":"2019-04-01T12:13:40","modified_gmt":"2019-04-01T12:13:40","slug":"liceo-polivalente-hernando-de-magallanes-celebro-43-anos-al-servicio-de-la-educacion-en-porvenir","status":"publish","type":"post","link":"https:\/\/www.radiopresidenteibanez.cl\/web\/liceo-polivalente-hernando-de-magallanes-celebro-43-anos-al-servicio-de-la-educacion-en-porvenir\/","title":{"rendered":"LICEO POLIVALENTE HERNANDO DE MAGALLANES CELEBR\u00d3 43 A\u00d1OS AL SERVICIO DE LA EDUCACI\u00d3N EN PORVENIR"},"content":{"rendered":"\n<p>Con \u00e9xito y mucha\nparticipaci\u00f3n por parte del alumnado del plantel estudiantil, se&nbsp; desarrollaron diversas actividades\nprogramadas por el centro de estudiantes y centro de padres y apoderados del\nLiceo Hernando de Magallanes de Porvenir, con el fin de celebrar su aniversario\n43.<\/p>\n\n\n\n<p>Durante la tarde del\nMi\u00e9rcoles (27 de Marzo), se dio inicio a las actividades por alianza (rosada y\nCeleste) con un breve discurso de los candidatos a reyes y dando paso\nposteriormente a una serie de actividades recreativas y deportivas, donde\nparticiparon estudiantes y personal del establecimiento, durante la noche se\nllevaron a cabo las actividades para padres y apoderados de la comunidad\neducativa, cerrando el viernes con su fiesta aniversario y coronaci\u00f3n de sus\nreyes los cuales fueron Anasol Cuevas y Yared Jara de la alianza rosada.<\/p>\n\n\n\n<p>El establecimiento educacional\nfueguino, fue fundado el d\u00eda 24 de marzo de 1976. A\u00f1os anteriores de su\ncreaci\u00f3n se impart\u00edan los niveles de 1\u00b0 y 2\u00b0 a\u00f1o de ense\u00f1anza media los que\neran atendidos en la actual escuela del Bernardo O\u2019Higgins Riquelme, los cursos\neran dependientes de la escuela consolidada de Puerto Natales y posteriormente\ndel Liceo de Hombres de Punta Arenas.<\/p>\n\n\n\n<p>Era una necesidad\nsentida por la comunidad y especialmente por los padres, el contar con un\ncolegio de ense\u00f1anza media en nuestra ciudad, dado lo oneroso que resultaba\nenviar a sus hijos a la ciudad de Punta Arenas y, por consiguiente, no todos\nten\u00edan la posibilidad de completar su educaci\u00f3n media.<\/p>\n\n\n\n<p>El Ministerio de\nEducaci\u00f3n, mediante Resoluci\u00f3n N\u00b0 00208 de fecha 08 de enero de 1976 dispuso la\ncreaci\u00f3n a contar del 1\u00b0 de marzo de 1976, del Liceo de Hombres de Porvenir,\ncategor\u00eda com\u00fan. Mediante esta misma Resoluci\u00f3n, se estableci\u00f3 incorporar al\nnaciente establecimiento educacional, los cursos de 1\u00b0, 2\u00b0 y 3\u00b0 medio que\nfuncionaba en Porvenir como anexos al Liceo de Hombres de Punta Arenas. Para su\nfuncionamiento, la primera autoridad provincial obtuvo por parte de la\nCongregaci\u00f3n Salesiana, la cesi\u00f3n del local de la ex escuela San Francisco de\nSales, ubicada en calle Soto Salas (Croacia), a fin de que se puedan instalar\ndesde ya los cursos de 1\u00b0 a 4\u00b0 Medio. De esta manera, se hab\u00eda solucionado\ntransitoriamente el problema de local para el funcionamiento del Liceo.<\/p>\n\n\n\n<p>Todo estaba\ndispuesto para su inauguraci\u00f3n el d\u00eda 24 de marzo de 1976, pero un voraz\nincendio declarado en la madrugada de ese mismo d\u00eda, arras\u00f3 pr\u00e1cticamente con\ntodo el edificio. No obstante lo anterior, se dispuso su inauguraci\u00f3n y el\ncomienzo de las clases para el mismo d\u00eda antes se\u00f1alado, con una matr\u00edcula\ninicial de 140 alumnos.<\/p>\n\n\n\n<p>En marzo de 1983 el\nLiceo fue trasladado a sus nuevas dependencias de calle Francisco Sampaio 580,\nen donde permaneci\u00f3 ininterrumpidamente hasta el d\u00eda 10 de abril de 2012.<\/p>\n\n\n\n<p>El nuevo y moderno\nedificio que ocupa actualmente el establecimiento educacional, comenz\u00f3 a\nfuncionar el d\u00eda lunes 16 de abril de 2012, en su car\u00e1cter de polivalente, adem\u00e1s\ncomenz\u00f3 a impartir especialidades t\u00e9cnico profesionales a contar de 1993 hasta\nel a\u00f1o 2011 en forma ininterrumpida, retom\u00e1ndola nuevamente a partir del a\u00f1o\n2014, manteniendo a la fecha la especialidad de Servicios de Turismo.<\/p>\n","protected":false},"excerpt":{"rendered":"<p>Con \u00e9xito y mucha participaci\u00f3n por parte del alumnado del plantel estudiantil, se&nbsp; desarrollaron diversas actividades programadas por el centro de estudiantes y centro de padres y apoderados del Liceo&#8230; <a class=\"read-more\" href=\"https:\/\/www.radiopresidenteibanez.cl\/web\/liceo-polivalente-hernando-de-magallanes-celebro-43-anos-al-servicio-de-la-educacion-en-porvenir\/\">Leer m\u00e1s<\/a><\/p>\n","protected":false},"author":2,"featured_media":2890,"comment_status":"closed","ping_status":"closed","sticky":false,"template":"","format":"standard","meta":{"footnotes":""},"categories":[1],"tags":[],"class_list":["post-2889","post","type-post","status-publish","format-standard","has-post-thumbnail","hentry","category-cronica"],"_links":{"self":[{"href":"https:\/\/www.radiopresidenteibanez.cl\/web\/wp-json\/wp\/v2\/posts\/2889","targetHints":{"allow":["GET"]}}],"collection":[{"href":"https:\/\/www.radiopresidenteibanez.cl\/web\/wp-json\/wp\/v2\/posts"}],"about":[{"href":"https:\/\/www.radiopresidenteibanez.cl\/web\/wp-json\/wp\/v2\/types\/post"}],"author":[{"embeddable":true,"href":"https:\/\/www.radiopresidenteibanez.cl\/web\/wp-json\/wp\/v2\/users\/2"}],"replies":[{"embeddable":true,"href":"https:\/\/www.radiopresidenteibanez.cl\/web\/wp-json\/wp\/v2\/comments?post=2889"}],"version-history":[{"count":0,"href":"https:\/\/www.radiopresidenteibanez.cl\/web\/wp-json\/wp\/v2\/posts\/2889\/revisions"}],"wp:featuredmedia":[{"embeddable":true,"href":"https:\/\/www.radiopresidenteibanez.cl\/web\/wp-json\/wp\/v2\/media\/2890"}],"wp:attachment":[{"href":"https:\/\/www.radiopresidenteibanez.cl\/web\/wp-json\/wp\/v2\/media?parent=2889"}],"wp:term":[{"taxonomy":"category","embeddable":true,"href":"https:\/\/www.radiopresidenteibanez.cl\/web\/wp-json\/wp\/v2\/categories?post=2889"},{"taxonomy":"post_tag","embeddable":true,"href":"https:\/\/www.radiopresidenteibanez.cl\/web\/wp-json\/wp\/v2\/tags?post=2889"}],"curies":[{"name":"wp","href":"https:\/\/api.w.org\/{rel}","templated":true}]}}