{"id":28880,"date":"2022-04-18T16:37:00","date_gmt":"2022-04-18T19:37:00","guid":{"rendered":"https:\/\/www.radiopresidenteibanez.cl\/web\/?p=28880"},"modified":"2022-04-18T15:58:37","modified_gmt":"2022-04-18T18:58:37","slug":"el-futuro-de-la-prefectura-fue-la-tematica-de-reunion-entre-gobernador-flies-y-carabineros","status":"publish","type":"post","link":"https:\/\/www.radiopresidenteibanez.cl\/web\/el-futuro-de-la-prefectura-fue-la-tematica-de-reunion-entre-gobernador-flies-y-carabineros\/","title":{"rendered":"EL FUTURO DE LA PREFECTURA FUE LA TEMATICA DE REUNION ENTRE GOBERNADOR FLIES Y CARABINEROS"},"content":{"rendered":"\n<p>En las\ndependencias del Gobierno Regional, esta ma\u00f1ana, el Gobernador Jorge Flies se\nreuni\u00f3 con el jefe de zona de\nCarabineros Claudio Pizarro y representantes de la instituci\u00f3n para tratar\ntemas en relaci\u00f3n al incendio que destruy\u00f3 la Prefectura el pasado fin de\nsemana. <\/p>\n\n\n\n<p>\u201cHemos manifestado que, como Gobierno Regional, lo\nhablaremos con el Consejo Regional, que estamos dispuestos a ver las v\u00edas de\nsoluci\u00f3n en relaci\u00f3n a como se rehabilita la infraestructura patrimonial y c\u00f3mo\nbuscamos, a mediano plazo, la manera definitiva para lo que va a ser la\nPrefectura\u201d se\u00f1al\u00f3 Flies. <\/p>\n\n\n\n<p>Los temas de mayor urgencia tratados en la reuni\u00f3n fueron sobre\nla reubicaci\u00f3n moment\u00e1nea de la Prefectura de Carabineros, la demolici\u00f3n del\ninmueble, la remoci\u00f3n de escombros y el trabajo con Bienes Nacionales y el\nConsejo de Monumentos acerca del aseguramiento de la infraestructura.<\/p>\n\n\n\n<p>Por su parte, Pizarro coment\u00f3 que \u201cconversamos sobre el futuro\nde estas dependencias. Vimos que es lo que viene por parte nuestra para las\nnuevas instalaciones\u201d. <\/p>\n\n\n\n<p>Se espera que la pr\u00f3xima semana lleguen ingenieros\ncalculistas para ver las condiciones en las que qued\u00f3 la fachada del edificio y\nconocer la capacidad de restauraci\u00f3n del inmueble. <\/p>\n","protected":false},"excerpt":{"rendered":"<p>En las dependencias del Gobierno Regional, esta ma\u00f1ana, el Gobernador Jorge Flies se reuni\u00f3 con el jefe de zona de Carabineros Claudio Pizarro y representantes de la instituci\u00f3n para tratar&#8230; <a class=\"read-more\" href=\"https:\/\/www.radiopresidenteibanez.cl\/web\/el-futuro-de-la-prefectura-fue-la-tematica-de-reunion-entre-gobernador-flies-y-carabineros\/\">Leer m\u00e1s<\/a><\/p>\n","protected":false},"author":2,"featured_media":28881,"comment_status":"closed","ping_status":"closed","sticky":false,"template":"","format":"standard","meta":{"footnotes":""},"categories":[1],"tags":[],"class_list":["post-28880","post","type-post","status-publish","format-standard","has-post-thumbnail","hentry","category-cronica"],"_links":{"self":[{"href":"https:\/\/www.radiopresidenteibanez.cl\/web\/wp-json\/wp\/v2\/posts\/28880","targetHints":{"allow":["GET"]}}],"collection":[{"href":"https:\/\/www.radiopresidenteibanez.cl\/web\/wp-json\/wp\/v2\/posts"}],"about":[{"href":"https:\/\/www.radiopresidenteibanez.cl\/web\/wp-json\/wp\/v2\/types\/post"}],"author":[{"embeddable":true,"href":"https:\/\/www.radiopresidenteibanez.cl\/web\/wp-json\/wp\/v2\/users\/2"}],"replies":[{"embeddable":true,"href":"https:\/\/www.radiopresidenteibanez.cl\/web\/wp-json\/wp\/v2\/comments?post=28880"}],"version-history":[{"count":0,"href":"https:\/\/www.radiopresidenteibanez.cl\/web\/wp-json\/wp\/v2\/posts\/28880\/revisions"}],"wp:featuredmedia":[{"embeddable":true,"href":"https:\/\/www.radiopresidenteibanez.cl\/web\/wp-json\/wp\/v2\/media\/28881"}],"wp:attachment":[{"href":"https:\/\/www.radiopresidenteibanez.cl\/web\/wp-json\/wp\/v2\/media?parent=28880"}],"wp:term":[{"taxonomy":"category","embeddable":true,"href":"https:\/\/www.radiopresidenteibanez.cl\/web\/wp-json\/wp\/v2\/categories?post=28880"},{"taxonomy":"post_tag","embeddable":true,"href":"https:\/\/www.radiopresidenteibanez.cl\/web\/wp-json\/wp\/v2\/tags?post=28880"}],"curies":[{"name":"wp","href":"https:\/\/api.w.org\/{rel}","templated":true}]}}