{"id":2883,"date":"2019-04-01T12:03:05","date_gmt":"2019-04-01T12:03:05","guid":{"rendered":"http:\/\/www.radiopresidenteibanez.cl\/web\/?p=2883"},"modified":"2019-04-01T12:03:44","modified_gmt":"2019-04-01T12:03:44","slug":"marcha-no-afp-congrego-a-cerca-de-un-centenar-de-personas","status":"publish","type":"post","link":"https:\/\/www.radiopresidenteibanez.cl\/web\/marcha-no-afp-congrego-a-cerca-de-un-centenar-de-personas\/","title":{"rendered":"MARCHA NO + AFP CONGREG\u00d3 A CERCA DE UN CENTENAR DE PERSONAS"},"content":{"rendered":"\n<p>Discurso efectuado por la coordinadora durante la marcha:<\/p>\n\n\n\n<p>Estimados amigos y amigas, trabajadores y trabajadoras:<\/p>\n\n\n\n<p>El a\u00f1o comenz\u00f3 en marzo con la gigantesca\nmovilizaci\u00f3n feminista del 8M, continuo con la marcha de miles de pobladores\nexigiendo el derecho a una vivienda digna, sigui\u00f3 la lucha por el derecho al agua\ny contra el intento del gobierno de suscribir el TPP\/11. Marzo no ha dado\ntregua. Este mes, es quiz\u00e1 uno de los m\u00e1s intensos de los \u00faltimos a\u00f1os. Y hoy,\nestamos termin\u00e1ndolo con esta movilizaci\u00f3n a lo largo de todo nuestro pa\u00eds,\ndesde Arica a Magallanes.<\/p>\n\n\n\n<p>Se da en un contexto muy particular, con un\ngobierno que obtuvo minor\u00eda en las dos c\u00e1maras, que pretende llevar adelante\nlas m\u00e1s grandes contrarreformas contra los intereses del pa\u00eds, contra los\ntrabajadores y contra la mayor\u00eda de quienes habitan nuestro territorio. <\/p>\n\n\n\n<p>Sebasti\u00e1n Pi\u00f1era ha inaugurado una forma muy\npeculiar de gobernar. Con un grandilocuente discurso pretende hacernos pasar\n\u201cgato por liebre\u201d&nbsp; en la reforma\ntributaria que favorece directamente a los sectores m\u00e1s ricos del pa\u00eds. Pero lo\nm\u00e1s peligroso de su actuar, es que pretende hacer caer la responsabilidad de\nquienes no se ajusten a sus intereses, como los responsables de estar contra\nlos m\u00e1s necesitados. Lo hizo con el aula segura, y con el Sistema de Admisi\u00f3n\nEscolar, busca traspasar toda la responsabilidad a quienes se manifiesten en\ncontra de su pol\u00edtica. Cuenta para esta estrategia, con el apoyo imp\u00fadico de\nlos canales de la televisi\u00f3n abierta, y de muchas emisoras radiales controladas\npor los grupos econ\u00f3micos, que manipulan groseramente la realidad.<\/p>\n\n\n\n<p>En el tema que nos ocupa, las pensiones, el\ntema se concentra medi\u00e1ticamente en quienes tienen intereses directos e\nindirectos. Son los que acceden a los medios de comunicaci\u00f3n instalando la falacia\nde que los sistemas de reparto en el mundo est\u00e1n quebrados. Un reciente estudio\nde la Organizaci\u00f3n Internacional del Trabajo (OIT) les desmiente\ncontundentemente, pero eso no se informa en los medios de comunicaci\u00f3n, se\noculta, no es conveniente que el pueblo se entere de la verdad. Confirma la\nO.I.T. que los \u00fanicos sistemas que han generado desigualdad social, aumento del\ngasto fiscal y pobreza de las pensiones, son los sistemas privados de\nprevisi\u00f3n, en que el caso chileno resulta ser el m\u00e1s grave de todo los sistemas\nen el mundo.<\/p>\n\n\n\n<p>El presidente Pi\u00f1era y su gobierno, han\natemorizado a muchos congresistas de oposici\u00f3n -de la mano y hay que decirlo,\nde varios ex ministros de la ex nueva mayor\u00eda-, que sienten que no apoyando a\nPi\u00f1era deber\u00e1n dar explicaciones a los actuales pensionados por negarles un\nsupuesto mejoramiento.<\/p>\n\n\n\n<p>Debemos desde <strong>esta tribuna ser claros y categ\u00f3ricos<\/strong>, los diputados que aprueben\nesta reforma que perpet\u00faa las AFP, deber\u00e1n <strong>responder\nante la ciudadan\u00eda por transgredir el clamor serio y responsable de millones de\nchilenos y chilenas que se ha expresado de mil maneras se\u00f1alando su rechazo a\nlas AFP.<\/strong> Si persisten en apoyar a las AFP y su sistema fracasado\nsocialmente, deber\u00e1n asumir su costo y seremos el movimiento social quien luchara\nincansablemente para evitar que contin\u00faen legislando en beneficio de unos pocos,\ncomo ha venido ocurriendo en los \u00faltimos a\u00f1os.<\/p>\n\n\n\n<p>La propuesta previsional que se discute hoy en\nla C\u00e1mara de Diputados se presenta grandilocuentemente como beneficiosa para\nlas mujeres y para la clase media. Lo que no dice la letra chica, es que para\nacceder a los \u201csupuestos\u201d beneficios de la propuesta gubernamental, es\nnecesario cumplir con una serie de requisitos, que para la gran mayor\u00eda\nresultara imposible poder alcanzar. Como por ejemplo, que las mujeres hayan\ncotizado por m\u00e1s de 20 a\u00f1os y los hombres por m\u00e1s de 24 en la primera etapa, cuesti\u00f3n\nabsolutamente demag\u00f3gica, pues la mayor\u00eda de hombres y mujeres est\u00e1 muy lejos\nde alcanzar ese nivel de densidad en las cotizaciones.<\/p>\n\n\n\n<p>Se promete un mejoramiento para la clase\nmedia, pues bien, veamos de que se trata: para los actuales pensionados,\naproximadamente 1,8 millones, los hombres y mujeres que cumplan ciertos\nrequisitos podr\u00e1n aspirar en el mejor de los casos, &nbsp;los hombres a 22 mil pesos y las mujeres a 27\nmil. NADA MAS.<\/p>\n\n\n\n<p>El aumento del 4% gradual en ocho a\u00f1os en caso\nde que se aprobara esta anti reforma, terminar\u00eda el a\u00f1o 2028 y de ah\u00ed esperar\nsus efectos en 40 a\u00f1os m\u00e1s, o sea, al a\u00f1o 2068. Con la ca\u00edda fuerte de las\ntasas de rentabilidad, se dar\u00e1 la paradoja que quienes hoy reciben pensiones\nmiserables, cotizando un 10% mensual, obtendr\u00e1n pensiones mayores que los que\nse pensionen con un 14%.<\/p>\n\n\n\n<p>De nada sirve insistir en la capitalizaci\u00f3n\nindividual, esta ha fracasado, se funda en mayor ahorro y en la rentabilidad de\nlos fondos. Estos \u00faltimos siguen cayendo, y nuestros ahorros previsionales no\npueden quedar sujetos a los vaivenes de las bolsas internacionales, no podemos\npermitir despu\u00e9s de 38 a\u00f1os, que el ahorro de millones de compatriotas que es\nfruto de su esfuerzo humano, se despilfarre por malas inversiones. Exigimos\nSeguridad Social.<\/p>\n\n\n\n<p>En estos d\u00edas las Superintendencia de\nPensiones ha informado que el promedio imponible de los cotizantes alcanza los\n$853.482.- lo que resulta una burla para todos nosotros, pues el 50,6% de los\nchilenos gana menos de $380 mil y solo el 15% tiene ingresos superiores a los\n$853.482. <\/p>\n\n\n\n<p>Estamos frente a una minor\u00eda que se torna\nabsolutamente contraria a nuestros intereses y derechos. Son los due\u00f1os de las\nAFP, son los bancos y los grandes grupos econ\u00f3micos, son el gobierno y sus\ninstituciones, las que nos niegan el derecho a la Seguridad Social. Pero,\ntambi\u00e9n hay que se\u00f1alarlo, la oposici\u00f3n hoy tiene mayor\u00eda y debi\u00e9ramos suponer\nque una reforma como la propuesta por Pi\u00f1era, que pretende transferir m\u00e1s\ndinero a las AFP no prosperara, sin embargo, hay varios congresistas que se\nmuestran dispuestos ante los gui\u00f1os del gobierno para alcanzar acuerdos que por\ncierto, jam\u00e1s ir\u00e1n en beneficio de las mayor\u00edas. <\/p>\n\n\n\n<p>Hemos dicho claro y fuerte NO+AFP y en estos\nd\u00edas con la activa participaci\u00f3n del superintendente de pensiones se crea otra\nAFP. El propio Pi\u00f1era ha sugerido estar dispuesto, al igual como lo se\u00f1al\u00f3 hace\nalgunos a\u00f1os atr\u00e1s, su hermano Jos\u00e9 Pi\u00f1era, estar dispuesto a crear una AFP\nEstatal que en nada resolver\u00eda el drama que viven cientos de miles de\njubilados.<\/p>\n\n\n\n<p>Podr\u00edamos enfrentar la paradoja que despu\u00e9s de\ndos a\u00f1os y medio de movilizaciones, de haber efectuado un plebiscito con la\nparticipaci\u00f3n de mas de un mill\u00f3n de personas, de haber presentado un proyecto\nde ley serio y responsable, no solo no alcancemos mejores pensiones, sino que,\ncomo provocaci\u00f3n nazcan dos AFP m\u00e1s.<\/p>\n\n\n\n<p>Eso plantea pensar y reflexionar acerca del\ncar\u00e1cter de esta \u201cdemocracia\u201d en donde quienes gobiernan lo hacen desconociendo\nderechos y pertrech\u00e1ndose en beneficio de unos pocos. <\/p>\n\n\n\n<p>Algunos en la oposici\u00f3n se encandilan con los\nanuncios de Pi\u00f1era, y no hacen el m\u00e1s m\u00ednimo esfuerzo por intentar comprender\nlos verdaderos entramados que hay detr\u00e1s de toda esta industria parasitaria.\nLes decimos fuerte y claro porque es un derecho leg\u00edtimo nuestro, les estaremos\nvigilando, les estaremos &nbsp;observando a\ntodos ustedes para ver como votan. Si a favor de las AFP y los grandes\nempresarios, o a favor de los trabajadores y trabajadoras chilenas que somos la\nmayor\u00eda y somos los generadores de este gigantesco ahorro previsional.<\/p>\n\n\n\n<p>No tendr\u00e1n excusas ma\u00f1ana. Hace unas semanas\nentregamos a m\u00e1s de 28 diputados que estuvieron prestos a recibirnos, nuestro\nproyecto de ley, surgido de la iniciativa popular de ley, en cuya participaci\u00f3n\nm\u00e1s de doce mil personas deliberaron, para ratificar un nuevo sistema p\u00fablico\nde pensiones fundado en el reparto solidario, con fondo de reservas t\u00e9cnicas,\ncomo ocurre y est\u00e1 ocurriendo en los pa\u00edses m\u00e1s desarrollados del planeta. <\/p>\n\n\n\n<p>Nuestra propuesta nace con el concurso de\nprofesionales de distintas ramas del quehacer profesional y fue debatida por\nmiles. No provoca destrucci\u00f3n del ahorro interno; no genera desequilibrios\nfiscales; baja en los primeros cinco a\u00f1os de implementada el gasto p\u00fablico en\nm\u00e1s de un punto; no expropia los ahorros acumulados de cada uno de los\nafiliados, sino que complementa ese ahorro con el nuevo sistema y, lo m\u00e1s\nimportante, permite en un plazo gradual de cinco a\u00f1os establecer la pensi\u00f3n universal\ncomo m\u00ednimo, cuyo monto sea &nbsp;igual al\nsalario m\u00ednimo, es decir en $301 mil pesos.<\/p>\n\n\n\n<p>El gobierno busca mejorar con cargo a\nimpuestos generales el Pilar Solidario, pilar que ha funcionado como respirador\nartificial para un sistema colapsado. No es posible seguir aceptando que m\u00e1s\ndel 65% de las pensiones que se pagan en Chile sean de costo fiscal. <strong>Cuando Pi\u00f1era, el hermano del presidente,\nnos expropio la seguridad social en plena dictadura, justifico su modelo\nse\u00f1alando varias mentiras, entre ellas que cotizando 30 a\u00f1os tendr\u00edamos una\npensi\u00f3n equivalente al 70% de<\/strong> nuestro \u00faltimo sueldo y hoy est\u00e1 por debajo\ndel 30%; pero lo m\u00e1s grave, se\u00f1al\u00f3 que el Estado no incurrir\u00eda en gastos pues\nel sistema ser\u00eda individual y vemos que cada vez el Estado debe hacerse cargo\nde un sistema colapsado y fracasado . <\/p>\n\n\n\n<p>Por tanto, queremos reafirmar algunas\ncuestiones esenciales y proponemos para los actuales pensionados:<\/p>\n\n\n\n<ol class=\"wp-block-list\"><li>Si el gobierno de verdad quiere mejorar las pensiones de los m\u00e1s\npobres de nuestro pa\u00eds, que separe el proyecto actual en:<ol><li>Que mediante una ley corta aumente la Pensi\u00f3n B\u00e1sica Solidaria AHORA,\nen un 20%, es decir de $107.304.- a $128.765.- eso tiene un costo anual de US$222\nmillones d\u00f3lares al a\u00f1o.<\/li><\/ol><ol><li>Que se extienda, en tanto avanzamos al 100%, al 80% el Pilar Solidario,\nlo que beneficiar\u00eda a 195 mil nuevos pensionados con un costo para el Estado de\nUS$445 millones de d\u00f3lares anuales<\/li><\/ol><\/li><\/ol>\n\n\n\n<p>El costo de estas dos propuestas implica un 0,22% del PIB. Nada si\nse tiene en cuenta que las FF.AA gastan m\u00e1s cinco veces de lo que proponemos.<\/p>\n\n\n\n<ul class=\"wp-block-list\"><li>Que la propuesta de un nuevo sistema de Seguridad Social sea fruto\nde un debate a fondo, que considere las diferentes propuestas que el mundo\nsocial ha levantado, como por ejemplo nuestra propuesta sea sometida a la\nDirecci\u00f3n de Presupuesto para ver la factibilidad inmediata de llevarla a cabo\ny, que en definitiva el nuevo sistema cuente con la legitimidad que el actual\nno tiene y que jam\u00e1s lo tendr\u00e1.<\/li><\/ul>\n\n\n\n<p>Insistimos ante todos ustedes, los grandes\ncambios solo son posibles con las grandes mayor\u00edas movilizadas. Algunos nos\ncritican porque no ven resultados, queremos decirles que el propio hermano del\npresidente, Jos\u00e9 Pi\u00f1era, lo se\u00f1al\u00f3 cuando nos expropio la seguridad social,\nesta es la Madre de Todas las Batallas, porque quit\u00e1ndoles ese dinero a los\ntrabajadores podremos quitarle poder de negociaci\u00f3n. Y es por tanto, necesario\nredoblar nuestros esfuerzos por seguir adelante, a no decaer, a lograr mayor\nunidad entre los trabajadores y sus organizaciones, a fortalecer los sindicatos\nque tenemos, a estrechar esfuerzos con otros movimientos sociales, con los\npobladores, con los estudiantes, con todos para que logremos lo que con tanto\nanhelo buscamos, restituir un derecho fundamental como es la Seguridad Social.<\/p>\n\n\n\n<p>Arriba los y las que luchan.<\/p>\n\n\n\n<figure class=\"wp-block-image\"><img loading=\"lazy\" decoding=\"async\" width=\"1024\" height=\"683\" src=\"https:\/\/www.radiopresidenteibanez.cl\/web\/wp-content\/uploads\/2019\/04\/IMG_0506-1280x768-1024x683.jpg\" alt=\"\" class=\"wp-image-2884\" srcset=\"https:\/\/www.radiopresidenteibanez.cl\/web\/wp-content\/uploads\/2019\/04\/IMG_0506-1280x768-1024x683.jpg 1024w, https:\/\/www.radiopresidenteibanez.cl\/web\/wp-content\/uploads\/2019\/04\/IMG_0506-1280x768-300x200.jpg 300w, https:\/\/www.radiopresidenteibanez.cl\/web\/wp-content\/uploads\/2019\/04\/IMG_0506-1280x768-768x512.jpg 768w, https:\/\/www.radiopresidenteibanez.cl\/web\/wp-content\/uploads\/2019\/04\/IMG_0506-1280x768.jpg 1152w\" sizes=\"auto, (max-width: 1024px) 100vw, 1024px\" \/><\/figure>\n","protected":false},"excerpt":{"rendered":"<p>Discurso efectuado por la coordinadora durante la marcha: Estimados amigos y amigas, trabajadores y trabajadoras: El a\u00f1o comenz\u00f3 en marzo con la gigantesca movilizaci\u00f3n feminista del 8M, continuo con la&#8230; <a class=\"read-more\" href=\"https:\/\/www.radiopresidenteibanez.cl\/web\/marcha-no-afp-congrego-a-cerca-de-un-centenar-de-personas\/\">Leer m\u00e1s<\/a><\/p>\n","protected":false},"author":2,"featured_media":2884,"comment_status":"closed","ping_status":"closed","sticky":false,"template":"","format":"standard","meta":{"footnotes":""},"categories":[1],"tags":[],"class_list":["post-2883","post","type-post","status-publish","format-standard","has-post-thumbnail","hentry","category-cronica"],"_links":{"self":[{"href":"https:\/\/www.radiopresidenteibanez.cl\/web\/wp-json\/wp\/v2\/posts\/2883","targetHints":{"allow":["GET"]}}],"collection":[{"href":"https:\/\/www.radiopresidenteibanez.cl\/web\/wp-json\/wp\/v2\/posts"}],"about":[{"href":"https:\/\/www.radiopresidenteibanez.cl\/web\/wp-json\/wp\/v2\/types\/post"}],"author":[{"embeddable":true,"href":"https:\/\/www.radiopresidenteibanez.cl\/web\/wp-json\/wp\/v2\/users\/2"}],"replies":[{"embeddable":true,"href":"https:\/\/www.radiopresidenteibanez.cl\/web\/wp-json\/wp\/v2\/comments?post=2883"}],"version-history":[{"count":0,"href":"https:\/\/www.radiopresidenteibanez.cl\/web\/wp-json\/wp\/v2\/posts\/2883\/revisions"}],"wp:featuredmedia":[{"embeddable":true,"href":"https:\/\/www.radiopresidenteibanez.cl\/web\/wp-json\/wp\/v2\/media\/2884"}],"wp:attachment":[{"href":"https:\/\/www.radiopresidenteibanez.cl\/web\/wp-json\/wp\/v2\/media?parent=2883"}],"wp:term":[{"taxonomy":"category","embeddable":true,"href":"https:\/\/www.radiopresidenteibanez.cl\/web\/wp-json\/wp\/v2\/categories?post=2883"},{"taxonomy":"post_tag","embeddable":true,"href":"https:\/\/www.radiopresidenteibanez.cl\/web\/wp-json\/wp\/v2\/tags?post=2883"}],"curies":[{"name":"wp","href":"https:\/\/api.w.org\/{rel}","templated":true}]}}