{"id":2879,"date":"2019-04-01T11:57:32","date_gmt":"2019-04-01T11:57:32","guid":{"rendered":"http:\/\/www.radiopresidenteibanez.cl\/web\/?p=2879"},"modified":"2019-04-01T11:57:56","modified_gmt":"2019-04-01T11:57:56","slug":"asamblea-del-partido-radical-de-porvenir-renovo-su-directiva-comunal","status":"publish","type":"post","link":"https:\/\/www.radiopresidenteibanez.cl\/web\/asamblea-del-partido-radical-de-porvenir-renovo-su-directiva-comunal\/","title":{"rendered":"ASAMBLEA DEL PARTIDO RADICAL DE PORVENIR RENOV\u00d3 SU DIRECTIVA COMUNAL"},"content":{"rendered":"\n<p>\u00c9ste Domingo&nbsp; se llev\u00f3 a nivel nacional elecciones del Partido Radical de Chile, estableci\u00e9ndose, de igual forma, en Porvenir un nuevo proceso democr\u00e1tico con gran participaci\u00f3n de militantes del partido m\u00e1s antiguo de Chile, &nbsp;con un extenso trabajo social y arraigo en la Tierra del Fuego destac\u00f3 la Mesa Directiva actual encabezada por el Presidente Cesar Vivar Garay, estableciendo importantes desaf\u00edos en lo comunal para los electos militantes que ser\u00e1n responsables de dirigir los procesos internos y pol\u00edticos por los pr\u00f3ximos 3 a\u00f1os.<\/p>\n\n\n\n<p>La Directiva del Partido Radical qued\u00f3 constituida como Presidente electo el Abogado Claudio San Mart\u00edn Figueroa, qui\u00e9n ser\u00e1 acompa\u00f1ado en lo comunal por militantes M\u00f3nica Ros Garay, Fredy Moreno Az\u00faa, Tamara Valenzuela Ros y&nbsp; Mayra Guerreo Moreno, a lo que se sumar\u00e1n otros 4 Directores, la lista ganadora obtuvo el 75% de los sufragios v\u00e1lidamente emitidos. &nbsp;De esta forma, el Partido Radical en Magallanes se encuentra con la renovaci\u00f3n total de sus cuadros comunales y regionales.<\/p>\n\n\n\n<p>El proceso electoral llevado a cabo en Porvenir, cont\u00f3 con el acompa\u00f1amiento y participaci\u00f3n de la Directiva Regional del Partido Radical, el Presidente Gonzalo Bascu\u00f1\u00e1n, y los fueguinos Francisco Ros Garay, y Rodolfo C\u00e1rdenas Alvarado, quienes destacaron el trabajo colectivo&nbsp; de los militantes de la capital provincial de Tierra del Fuego, quienes destacan por las bases s\u00f3lidas que representan los principios del radicalismo como el laicismo, la justicia social y el humanismo, llevando a cabo un proceso democr\u00e1tico en que hombres y mujeres de todas las edades participaron con gran entusiasmo, y fraternidad, instando a los militantes reunidos en el conteo de votos a seguir trabajando y aportando al desarrollo y bienestar de los habitantes de Porvenir, asumiendo los radicales nuevos desaf\u00edos en lo comunal y regional, liderando la oposici\u00f3n en la isla y aportando a construir el Porvenir que todos y todas queremos, sentenciaron.<\/p>\n\n\n\n<p>Las actividades electorales fueron supervisadas por la Junta Electoral Regional y el Tribunal de Disciplina de Magallanes que se desplazaron hasta Porvenir, constatando la gran participaci\u00f3n de militantes y el cabal proceso electoral llevado a cabo.<\/p>\n\n\n\n<figure class=\"wp-block-image\"><img loading=\"lazy\" decoding=\"async\" width=\"900\" height=\"675\" src=\"https:\/\/www.radiopresidenteibanez.cl\/web\/wp-content\/uploads\/2019\/04\/RADICAL-ELECCIONES2019.jpg\" alt=\"\" class=\"wp-image-2880\" srcset=\"https:\/\/www.radiopresidenteibanez.cl\/web\/wp-content\/uploads\/2019\/04\/RADICAL-ELECCIONES2019.jpg 900w, https:\/\/www.radiopresidenteibanez.cl\/web\/wp-content\/uploads\/2019\/04\/RADICAL-ELECCIONES2019-300x225.jpg 300w, https:\/\/www.radiopresidenteibanez.cl\/web\/wp-content\/uploads\/2019\/04\/RADICAL-ELECCIONES2019-768x576.jpg 768w\" sizes=\"auto, (max-width: 900px) 100vw, 900px\" \/><\/figure>\n","protected":false},"excerpt":{"rendered":"<p>\u00c9ste Domingo&nbsp; se llev\u00f3 a nivel nacional elecciones del Partido Radical de Chile, estableci\u00e9ndose, de igual forma, en Porvenir un nuevo proceso democr\u00e1tico con gran participaci\u00f3n de militantes del partido&#8230; <a class=\"read-more\" href=\"https:\/\/www.radiopresidenteibanez.cl\/web\/asamblea-del-partido-radical-de-porvenir-renovo-su-directiva-comunal\/\">Leer m\u00e1s<\/a><\/p>\n","protected":false},"author":2,"featured_media":2880,"comment_status":"closed","ping_status":"closed","sticky":false,"template":"","format":"standard","meta":{"footnotes":""},"categories":[5],"tags":[],"class_list":["post-2879","post","type-post","status-publish","format-standard","has-post-thumbnail","hentry","category-politica"],"_links":{"self":[{"href":"https:\/\/www.radiopresidenteibanez.cl\/web\/wp-json\/wp\/v2\/posts\/2879","targetHints":{"allow":["GET"]}}],"collection":[{"href":"https:\/\/www.radiopresidenteibanez.cl\/web\/wp-json\/wp\/v2\/posts"}],"about":[{"href":"https:\/\/www.radiopresidenteibanez.cl\/web\/wp-json\/wp\/v2\/types\/post"}],"author":[{"embeddable":true,"href":"https:\/\/www.radiopresidenteibanez.cl\/web\/wp-json\/wp\/v2\/users\/2"}],"replies":[{"embeddable":true,"href":"https:\/\/www.radiopresidenteibanez.cl\/web\/wp-json\/wp\/v2\/comments?post=2879"}],"version-history":[{"count":0,"href":"https:\/\/www.radiopresidenteibanez.cl\/web\/wp-json\/wp\/v2\/posts\/2879\/revisions"}],"wp:featuredmedia":[{"embeddable":true,"href":"https:\/\/www.radiopresidenteibanez.cl\/web\/wp-json\/wp\/v2\/media\/2880"}],"wp:attachment":[{"href":"https:\/\/www.radiopresidenteibanez.cl\/web\/wp-json\/wp\/v2\/media?parent=2879"}],"wp:term":[{"taxonomy":"category","embeddable":true,"href":"https:\/\/www.radiopresidenteibanez.cl\/web\/wp-json\/wp\/v2\/categories?post=2879"},{"taxonomy":"post_tag","embeddable":true,"href":"https:\/\/www.radiopresidenteibanez.cl\/web\/wp-json\/wp\/v2\/tags?post=2879"}],"curies":[{"name":"wp","href":"https:\/\/api.w.org\/{rel}","templated":true}]}}