{"id":287,"date":"2019-01-07T15:02:53","date_gmt":"2019-01-07T15:02:53","guid":{"rendered":"http:\/\/www.radiopresidenteibanez.cl\/web\/?p=287"},"modified":"2019-01-07T15:03:26","modified_gmt":"2019-01-07T15:03:26","slug":"3-lesionados-dejo-choque-de-alta-energia-en-21-de-mayo","status":"publish","type":"post","link":"https:\/\/www.radiopresidenteibanez.cl\/web\/3-lesionados-dejo-choque-de-alta-energia-en-21-de-mayo\/","title":{"rendered":"3 LESIONADOS DEJ\u00d3 CHOQUE DE ALTA ENERG\u00cdA EN 21 DE MAYO"},"content":{"rendered":"\n<p>Cerca de las 06 horas de esta ma\u00f1ana, voluntarios de la Primera Compa\u00f1\u00eda de Bomberos, junto a personal del Samu y Carabineros, debieron concurrir al sector de calle 21 de Mayo a la altura de calle Brice\u00f1o, en el lugar un impresionante choque dej\u00f3 a 3 personas lesionadas una de ellas de gravedad, debido al fuerte impacto el motor del autom\u00f3vil se sali\u00f3 del lugar quedando a cerca de 30 metros de distancia del veh\u00edculo.<\/p>\n\n\n\n<p>Los lesionados fueron derivados hasta las dependencias del Hospital Cl\u00ednico de Magallanes, para ser tratados de urgencia.<\/p>\n","protected":false},"excerpt":{"rendered":"<p>Cerca de las 06 horas de esta ma\u00f1ana, voluntarios de la Primera Compa\u00f1\u00eda de Bomberos, junto a personal del Samu y Carabineros, debieron concurrir al sector de calle 21 de&#8230; <a class=\"read-more\" href=\"https:\/\/www.radiopresidenteibanez.cl\/web\/3-lesionados-dejo-choque-de-alta-energia-en-21-de-mayo\/\">Leer m\u00e1s<\/a><\/p>\n","protected":false},"author":2,"featured_media":288,"comment_status":"closed","ping_status":"closed","sticky":false,"template":"","format":"standard","meta":{"footnotes":""},"categories":[1],"tags":[],"class_list":["post-287","post","type-post","status-publish","format-standard","has-post-thumbnail","hentry","category-cronica"],"_links":{"self":[{"href":"https:\/\/www.radiopresidenteibanez.cl\/web\/wp-json\/wp\/v2\/posts\/287","targetHints":{"allow":["GET"]}}],"collection":[{"href":"https:\/\/www.radiopresidenteibanez.cl\/web\/wp-json\/wp\/v2\/posts"}],"about":[{"href":"https:\/\/www.radiopresidenteibanez.cl\/web\/wp-json\/wp\/v2\/types\/post"}],"author":[{"embeddable":true,"href":"https:\/\/www.radiopresidenteibanez.cl\/web\/wp-json\/wp\/v2\/users\/2"}],"replies":[{"embeddable":true,"href":"https:\/\/www.radiopresidenteibanez.cl\/web\/wp-json\/wp\/v2\/comments?post=287"}],"version-history":[{"count":0,"href":"https:\/\/www.radiopresidenteibanez.cl\/web\/wp-json\/wp\/v2\/posts\/287\/revisions"}],"wp:featuredmedia":[{"embeddable":true,"href":"https:\/\/www.radiopresidenteibanez.cl\/web\/wp-json\/wp\/v2\/media\/288"}],"wp:attachment":[{"href":"https:\/\/www.radiopresidenteibanez.cl\/web\/wp-json\/wp\/v2\/media?parent=287"}],"wp:term":[{"taxonomy":"category","embeddable":true,"href":"https:\/\/www.radiopresidenteibanez.cl\/web\/wp-json\/wp\/v2\/categories?post=287"},{"taxonomy":"post_tag","embeddable":true,"href":"https:\/\/www.radiopresidenteibanez.cl\/web\/wp-json\/wp\/v2\/tags?post=287"}],"curies":[{"name":"wp","href":"https:\/\/api.w.org\/{rel}","templated":true}]}}