{"id":28691,"date":"2022-04-11T08:56:00","date_gmt":"2022-04-11T11:56:00","guid":{"rendered":"https:\/\/www.radiopresidenteibanez.cl\/web\/?p=28691"},"modified":"2022-04-11T08:18:26","modified_gmt":"2022-04-11T11:18:26","slug":"grandes-y-chicos-disfrutaron-de-nueva-jornada-municipal-la-costanera-es-tuya","status":"publish","type":"post","link":"https:\/\/www.radiopresidenteibanez.cl\/web\/grandes-y-chicos-disfrutaron-de-nueva-jornada-municipal-la-costanera-es-tuya\/","title":{"rendered":"GRANDES Y CHICOS DISFRUTARON DE NUEVA JORNADA MUNICIPAL LA COSTANERA ES TUYA"},"content":{"rendered":"\n<p>Cerca de 200 personas, entre ni\u00f1os, j\u00f3venes, adultos y adultos mayores, llegaron hasta la Avenida Costanera del Estrecho, para participar de una nueva jornada La Costanera es tuya.<br><br>La actividad, organizada por la Municipalidad de Punta Arenas, a trav\u00e9s de la Direcci\u00f3n de Desarrollo Comunitario, se lleva a cabo una vez al mes, y tiene por objetivo que la comunidad pueda disfrutar de distintos deportes haciendo uso libremente del espacio p\u00fablico.<br><br>Para ello, se cerr\u00f3 el tramo entre Pedro Montt y Sarmiento, espacio donde los asistentes pudieron andar en bicicleta, patines, correr o caminar con sus mascotas.<br><br>\u00abLa idea es que nos vayamos acostumbrando. Tenemos que hacer actividad f\u00edsica para todas las edades, adultos mayores, ni\u00f1os, pero tambi\u00e9n ocupar de buena forma los espacios p\u00fablicos. Tal como lo dije, estamos en un entorno maravilloso y que rico poder ocuparlo, por supuesto, cuando el tiempo diga lo mismo\u00bb, afirm\u00f3 el alcalde de Punta Arenas, Claudio Radonich.<br><br>Los asistentes valoraron la posibilidad de disfrutar de estos espacios de manera m\u00e1s libre.<br><br>\u00abEncuentro muy loable esta apertura de la Costanera, que la hagan cada cierto tiempo, porque sirve para venir a hacer actividad f\u00edsica, en especial en mi caso, porque yo soy atleta paral\u00edmpico, y tengo problema de visi\u00f3n, entonces a m\u00ed me favorece mucho\u00bb, indic\u00f3 Luis Chaura, uno de los participantes, quien agradeci\u00f3 al Municipio la instancia.<br><br>Por su parte, Fernando Ascencio, quien asisti\u00f3 a la actividad con su peque\u00f1a hija Ema, se\u00f1al\u00f3 que: \u00abes una linda iniciativa, que ojal\u00e1 que se desarrolle durante todo el a\u00f1o, independiente de que est\u00e9 de repente medio fome el clima, pero creo que fomentar el deporte gracias a la Municipalidad, est\u00e1 excelente\u00bb.<br><br>En tanto, Ema Ascencio, de cinco a\u00f1os, tambi\u00e9n comparti\u00f3 su entusiasmo por la posibilidad de andar en bicicleta. \u00abA m\u00ed me gusta andar en bici y aprend\u00ed a andar sin rueditas y entonces aqu\u00ed hay mucha gente pero igual yo me estoy divirtiendo\u00bb, afirm\u00f3.<br><br>En paralelo, en el sector Letras Punta Arenas, se realiz\u00f3 una jornada de strong, deporte que permite fortalecer musculatura y realizar cardio a trav\u00e9s de distintas rutinas guiadas por instructores especializados.<br><br>La actividad se llev\u00f3 a cabo entre las 11 y 13 horas, y se repetir\u00e1 durante el mes de mayo.<br><br><\/p>\n","protected":false},"excerpt":{"rendered":"<p>Cerca de 200 personas, entre ni\u00f1os, j\u00f3venes, adultos y adultos mayores, llegaron hasta la Avenida Costanera del Estrecho, para participar de una nueva jornada La Costanera es tuya. La actividad,&#8230; <a class=\"read-more\" href=\"https:\/\/www.radiopresidenteibanez.cl\/web\/grandes-y-chicos-disfrutaron-de-nueva-jornada-municipal-la-costanera-es-tuya\/\">Leer m\u00e1s<\/a><\/p>\n","protected":false},"author":2,"featured_media":28692,"comment_status":"closed","ping_status":"closed","sticky":false,"template":"","format":"standard","meta":{"footnotes":""},"categories":[1],"tags":[],"class_list":["post-28691","post","type-post","status-publish","format-standard","has-post-thumbnail","hentry","category-cronica"],"_links":{"self":[{"href":"https:\/\/www.radiopresidenteibanez.cl\/web\/wp-json\/wp\/v2\/posts\/28691","targetHints":{"allow":["GET"]}}],"collection":[{"href":"https:\/\/www.radiopresidenteibanez.cl\/web\/wp-json\/wp\/v2\/posts"}],"about":[{"href":"https:\/\/www.radiopresidenteibanez.cl\/web\/wp-json\/wp\/v2\/types\/post"}],"author":[{"embeddable":true,"href":"https:\/\/www.radiopresidenteibanez.cl\/web\/wp-json\/wp\/v2\/users\/2"}],"replies":[{"embeddable":true,"href":"https:\/\/www.radiopresidenteibanez.cl\/web\/wp-json\/wp\/v2\/comments?post=28691"}],"version-history":[{"count":0,"href":"https:\/\/www.radiopresidenteibanez.cl\/web\/wp-json\/wp\/v2\/posts\/28691\/revisions"}],"wp:featuredmedia":[{"embeddable":true,"href":"https:\/\/www.radiopresidenteibanez.cl\/web\/wp-json\/wp\/v2\/media\/28692"}],"wp:attachment":[{"href":"https:\/\/www.radiopresidenteibanez.cl\/web\/wp-json\/wp\/v2\/media?parent=28691"}],"wp:term":[{"taxonomy":"category","embeddable":true,"href":"https:\/\/www.radiopresidenteibanez.cl\/web\/wp-json\/wp\/v2\/categories?post=28691"},{"taxonomy":"post_tag","embeddable":true,"href":"https:\/\/www.radiopresidenteibanez.cl\/web\/wp-json\/wp\/v2\/tags?post=28691"}],"curies":[{"name":"wp","href":"https:\/\/api.w.org\/{rel}","templated":true}]}}