{"id":28657,"date":"2022-04-08T11:20:33","date_gmt":"2022-04-08T14:20:33","guid":{"rendered":"https:\/\/www.radiopresidenteibanez.cl\/web\/?p=28657"},"modified":"2022-04-08T11:20:39","modified_gmt":"2022-04-08T14:20:39","slug":"autoridades-coordinan-esfuerzos-en-torno-a-la-seguridad-prevencion-y-persecucion-penal-en-punta-arenas","status":"publish","type":"post","link":"https:\/\/www.radiopresidenteibanez.cl\/web\/autoridades-coordinan-esfuerzos-en-torno-a-la-seguridad-prevencion-y-persecucion-penal-en-punta-arenas\/","title":{"rendered":"AUTORIDADES COORDINAN ESFUERZOS EN TORNO A LA SEGURIDAD, PREVENCION Y PERSECUCION PENAL EN PUNTA ARENAS"},"content":{"rendered":"\n<p>Con el fin de generar\nacciones que permitan mayor eficacia en la persecuci\u00f3n de delitos vinculados a\nla seguridad y al cuidado de los vecinos de la comuna de Punta Arenas,\nautoridades regionales se reunieron hoy, en la segunda jornada de coordinaci\u00f3n\ny unificaci\u00f3n de criterios de actuaci\u00f3n en torno a estas tem\u00e1ticas.<\/p>\n\n\n\n<p>En la oportunidad el\nFiscal Regional, Eugenio Campos, junto al Alcalde de Punta Arenas, Claudio\nRadonich y los representantes y principales autoridades de la delegaci\u00f3n\npresidencial, Carabineros de Chile, Polic\u00eda de Investigaciones, Aduana,\nServicio de Impuestos Internos, Seguridad P\u00fablica, SEREMI de Salud y la\nGobernaci\u00f3n Mar\u00edtima,&nbsp; abordaron y coordinaron\nacciones preventivas y conjuntas respecto de problem\u00e1ticas vinculadas a tr\u00e1fico\nde drogas, locales clandestinos, comercio ambulante, ruidos molestos,\nincumplimiento de las normas sanitarias, carreras nocturnas y autos modificados\nentre otras, con la idea de ejecutar servicios extraordinarios y potenciar la\nsensaci\u00f3n de seguridad y calidad de vida de las personas.<\/p>\n\n\n\n<p>Las acciones se\nefectuar\u00e1n y supervisar\u00e1n peri\u00f3dicamente.<\/p>\n","protected":false},"excerpt":{"rendered":"<p>Con el fin de generar acciones que permitan mayor eficacia en la persecuci\u00f3n de delitos vinculados a la seguridad y al cuidado de los vecinos de la comuna de Punta&#8230; <a class=\"read-more\" href=\"https:\/\/www.radiopresidenteibanez.cl\/web\/autoridades-coordinan-esfuerzos-en-torno-a-la-seguridad-prevencion-y-persecucion-penal-en-punta-arenas\/\">Leer m\u00e1s<\/a><\/p>\n","protected":false},"author":2,"featured_media":28658,"comment_status":"closed","ping_status":"closed","sticky":false,"template":"","format":"standard","meta":{"footnotes":""},"categories":[1],"tags":[],"class_list":["post-28657","post","type-post","status-publish","format-standard","has-post-thumbnail","hentry","category-cronica"],"_links":{"self":[{"href":"https:\/\/www.radiopresidenteibanez.cl\/web\/wp-json\/wp\/v2\/posts\/28657","targetHints":{"allow":["GET"]}}],"collection":[{"href":"https:\/\/www.radiopresidenteibanez.cl\/web\/wp-json\/wp\/v2\/posts"}],"about":[{"href":"https:\/\/www.radiopresidenteibanez.cl\/web\/wp-json\/wp\/v2\/types\/post"}],"author":[{"embeddable":true,"href":"https:\/\/www.radiopresidenteibanez.cl\/web\/wp-json\/wp\/v2\/users\/2"}],"replies":[{"embeddable":true,"href":"https:\/\/www.radiopresidenteibanez.cl\/web\/wp-json\/wp\/v2\/comments?post=28657"}],"version-history":[{"count":0,"href":"https:\/\/www.radiopresidenteibanez.cl\/web\/wp-json\/wp\/v2\/posts\/28657\/revisions"}],"wp:featuredmedia":[{"embeddable":true,"href":"https:\/\/www.radiopresidenteibanez.cl\/web\/wp-json\/wp\/v2\/media\/28658"}],"wp:attachment":[{"href":"https:\/\/www.radiopresidenteibanez.cl\/web\/wp-json\/wp\/v2\/media?parent=28657"}],"wp:term":[{"taxonomy":"category","embeddable":true,"href":"https:\/\/www.radiopresidenteibanez.cl\/web\/wp-json\/wp\/v2\/categories?post=28657"},{"taxonomy":"post_tag","embeddable":true,"href":"https:\/\/www.radiopresidenteibanez.cl\/web\/wp-json\/wp\/v2\/tags?post=28657"}],"curies":[{"name":"wp","href":"https:\/\/api.w.org\/{rel}","templated":true}]}}