{"id":28654,"date":"2022-04-08T10:06:53","date_gmt":"2022-04-08T13:06:53","guid":{"rendered":"https:\/\/www.radiopresidenteibanez.cl\/web\/?p=28654"},"modified":"2022-04-08T10:06:58","modified_gmt":"2022-04-08T13:06:58","slug":"situacion-hospital-clinico-magallanes-y-red-integrada-covid-199","status":"publish","type":"post","link":"https:\/\/www.radiopresidenteibanez.cl\/web\/situacion-hospital-clinico-magallanes-y-red-integrada-covid-199\/","title":{"rendered":"SITUACI\u00d3N HOSPITAL CLINICO MAGALLANES Y RED INTEGRADA COVID"},"content":{"rendered":"\n<p>Una ocupaci\u00f3n\ndel 75% presenta la ma\u00f1ana de este viernes 8 de abril, la Unidad de Paciente\nCr\u00edtico del Hospital Cl\u00ednico Magallanes (HCM), lo que se traduce en la disponibilidad\nde 5 cupo UCI y 4 UTI. Reiterar que la ocupaci\u00f3n de camas es din\u00e1mica y var\u00eda\ndebido a diversas situaciones.<\/p>\n\n\n\n<p>Respecto de la\nRed Integrada COVID -19, compuesta por establecimientos con camas UCI \u2013 UTI e\nintegrada por HCM, Hospital Dr. Augusto Essmann Burgos de Puerto Natales, Hospital\nde las Fuerzas Armadas y Cl\u00ednica Red Salud Magallanes, registra un 68,42% de\nocupaci\u00f3n, con disponibilidad regional de 18 camas cr\u00edticas (10 UCI y 8 UTI), mientras\nque los ventiladores mec\u00e1nicos invasivos alcanzan un 37,5% de ocupaci\u00f3n, con 9 equipos\nocupados y 15 equipos disponibles. Se\u00f1alar que, de las 39 camas cr\u00edticas\nocupadas en la Red Integrada, 8 corresponde a paciente COVID-19 positivo con\nhospitalizaci\u00f3n de 7 en HCM (1 UCI \u2013 6 UTI) y 1 en UCI de Cl\u00ednica Red Salud\nMagallanes. De igual forma, se registran 10 hospitalizados en cama b\u00e1sica, 7 en\nHCM, 2 en Hospital Natales y 1 en Cl\u00ednica Red Salud Magallanes.<\/p>\n","protected":false},"excerpt":{"rendered":"<p>Una ocupaci\u00f3n del 75% presenta la ma\u00f1ana de este viernes 8 de abril, la Unidad de Paciente Cr\u00edtico del Hospital Cl\u00ednico Magallanes (HCM), lo que se traduce en la disponibilidad&#8230; <a class=\"read-more\" href=\"https:\/\/www.radiopresidenteibanez.cl\/web\/situacion-hospital-clinico-magallanes-y-red-integrada-covid-199\/\">Leer m\u00e1s<\/a><\/p>\n","protected":false},"author":2,"featured_media":28655,"comment_status":"closed","ping_status":"closed","sticky":false,"template":"","format":"standard","meta":{"footnotes":""},"categories":[1],"tags":[],"class_list":["post-28654","post","type-post","status-publish","format-standard","has-post-thumbnail","hentry","category-cronica"],"_links":{"self":[{"href":"https:\/\/www.radiopresidenteibanez.cl\/web\/wp-json\/wp\/v2\/posts\/28654","targetHints":{"allow":["GET"]}}],"collection":[{"href":"https:\/\/www.radiopresidenteibanez.cl\/web\/wp-json\/wp\/v2\/posts"}],"about":[{"href":"https:\/\/www.radiopresidenteibanez.cl\/web\/wp-json\/wp\/v2\/types\/post"}],"author":[{"embeddable":true,"href":"https:\/\/www.radiopresidenteibanez.cl\/web\/wp-json\/wp\/v2\/users\/2"}],"replies":[{"embeddable":true,"href":"https:\/\/www.radiopresidenteibanez.cl\/web\/wp-json\/wp\/v2\/comments?post=28654"}],"version-history":[{"count":0,"href":"https:\/\/www.radiopresidenteibanez.cl\/web\/wp-json\/wp\/v2\/posts\/28654\/revisions"}],"wp:featuredmedia":[{"embeddable":true,"href":"https:\/\/www.radiopresidenteibanez.cl\/web\/wp-json\/wp\/v2\/media\/28655"}],"wp:attachment":[{"href":"https:\/\/www.radiopresidenteibanez.cl\/web\/wp-json\/wp\/v2\/media?parent=28654"}],"wp:term":[{"taxonomy":"category","embeddable":true,"href":"https:\/\/www.radiopresidenteibanez.cl\/web\/wp-json\/wp\/v2\/categories?post=28654"},{"taxonomy":"post_tag","embeddable":true,"href":"https:\/\/www.radiopresidenteibanez.cl\/web\/wp-json\/wp\/v2\/tags?post=28654"}],"curies":[{"name":"wp","href":"https:\/\/api.w.org\/{rel}","templated":true}]}}