{"id":28651,"date":"2022-04-08T09:08:31","date_gmt":"2022-04-08T12:08:31","guid":{"rendered":"https:\/\/www.radiopresidenteibanez.cl\/web\/?p=28651"},"modified":"2022-04-08T09:08:36","modified_gmt":"2022-04-08T12:08:36","slug":"sernameg-magallanes-especializa-a-carabineros-en-tecnicas-de-primera-acogida-para-abordar-violencia-de-genero","status":"publish","type":"post","link":"https:\/\/www.radiopresidenteibanez.cl\/web\/sernameg-magallanes-especializa-a-carabineros-en-tecnicas-de-primera-acogida-para-abordar-violencia-de-genero\/","title":{"rendered":"SERNAMEG MAGALLANES ESPECIALIZA A CARABINEROS EN TECNICAS DE PRIMERA ACOGIDA PARA ABORDAR VIOLENCIA DE GENERO"},"content":{"rendered":"\n<p>Retomando las actividades presenciales, el\nServicio Nacional de la Mujer y Equidad de G\u00e9nero de Magallanes dio inicio a\nciclo de jornadas de capacitaci\u00f3n para funcionarias y funcionarios de\nCarabineros de toda la regi\u00f3n en materia de t\u00e9cnicas y herramientas para\nabordar la violencia contra las mujeres. Las jornadas, efectuadas en\ncoordinaci\u00f3n con la Secci\u00f3n Regional de Derechos Humanos y Protecci\u00f3n de la\nFamilia de la Zona de Carabineros de Magallanes y Ant\u00e1rtica Chilena, son\nimpartidas por profesionales del Programa de Prevenci\u00f3n del SernamEG, quienes\nahondar\u00e1n en primera acogida a v\u00edctimas; tipos, causas y consecuencias de la violencia\nde g\u00e9nero; estereotipos; y victimizaci\u00f3n secundaria, entre otras tem\u00e1ticas.<\/p>\n\n\n\n<p>\u201cBuscamos actualizar con conocimientos te\u00f3rico\n\u2013 pr\u00e1cticos a quienes est\u00e1n en contacto permanente con las sobrevivientes de\nviolencia y sus familias afectadas por estos delitos y al mismo tiempo,\nsensibilizar al personal policial respecto de la atenci\u00f3n emp\u00e1tica con quienes\nsufren esta violencia\u201d, coment\u00f3 la Directora Regional del SernamEG, Fabiola\nGarc\u00eda Pinto, en relaci\u00f3n a esta capacitaci\u00f3n con la cual funcionarios podr\u00e1n\noptar a una certificaci\u00f3n como Agentes en Prevenci\u00f3n de\nViolencia contra las Mujeres.<\/p>\n\n\n\n<p>De acuerdo al Centro de Estudios de\nAn\u00e1lisis del Delito, en la Regi\u00f3n de Magallanes el a\u00f1o 2022 se registr\u00f3 979\ndenuncias de violencia intrafamiliar de las cuales en el 81% de los casos la\nv\u00edctima fue una mujer. \u201cPor ello una mutua cooperaci\u00f3n en el desarrollo de\nprotocolos y mejoras en las pr\u00e1cticas vinculadas a la atenci\u00f3n y acompa\u00f1amiento\nde v\u00edctimas es fundamental si queremos alcanzar una primera acogida eficaz\u201d,\nagreg\u00f3 la directora regional.<\/p>\n\n\n\n<p>Respecto a la coordinaci\u00f3n y formaci\u00f3n en\neste tema, el Capit\u00e1n (J) Gonzalo Cisterna Arriagada, jefe de la Secci\u00f3n\nRegional de Derechos Humanos y Protecci\u00f3n de la Familia, se\u00f1al\u00f3: \u201cComo\nfuncionarios p\u00fablicos es una tarea constante estar especializando a nuestros\ncarabineros y carabineras para un mejor ejercicio para la comunidad, y eso es\nlo que nos motiva a ser part\u00edcipes de estas capacitaciones en violencia\nintrafamiliar, porque entendemos que dar una adecuada primera acogida a las\nv\u00edctimas es fundamental\u201d.&nbsp; <\/p>\n\n\n\n<p>En la regi\u00f3n de Magallanes la tasa promedio\ndel a\u00f1o 2021 indica que por cada 100 mil habitantes, 691 personas son v\u00edctimas\nde violencia intrafamiliar, levemente inferior a la realidad pa\u00eds, donde la\ntasa alcanz\u00f3 736 v\u00edctimas por cada 100 mil habitantes.<\/p>\n\n\n\n<p>\u201cSabemos que la mayor parte de las\ndenuncias son recibidas por Carabineros, por lo que el trabajo colaborativo es\nfundamental para lograr la erradicaci\u00f3n de la violencia de g\u00e9nero, en especial\ntras la extensa pandemia donde hemos visto aumento de los casos de violencia,\nde los llamados al 1455 y las atenciones en los dispositivos de atenci\u00f3n,\nprotecci\u00f3n y reparaci\u00f3n del SernamEG. Tenemos un gran desaf\u00edo junto a las\npolic\u00edas y con el apoyo de la comunidad podemos llegar a tiempo y evitar hechos\nde violencia extrema\u201d, puntualiz\u00f3 la Directora Garc\u00eda Pinto.<\/p>\n","protected":false},"excerpt":{"rendered":"<p>Retomando las actividades presenciales, el Servicio Nacional de la Mujer y Equidad de G\u00e9nero de Magallanes dio inicio a ciclo de jornadas de capacitaci\u00f3n para funcionarias y funcionarios de Carabineros&#8230; <a class=\"read-more\" href=\"https:\/\/www.radiopresidenteibanez.cl\/web\/sernameg-magallanes-especializa-a-carabineros-en-tecnicas-de-primera-acogida-para-abordar-violencia-de-genero\/\">Leer m\u00e1s<\/a><\/p>\n","protected":false},"author":2,"featured_media":28652,"comment_status":"closed","ping_status":"closed","sticky":false,"template":"","format":"standard","meta":{"footnotes":""},"categories":[1],"tags":[],"class_list":["post-28651","post","type-post","status-publish","format-standard","has-post-thumbnail","hentry","category-cronica"],"_links":{"self":[{"href":"https:\/\/www.radiopresidenteibanez.cl\/web\/wp-json\/wp\/v2\/posts\/28651","targetHints":{"allow":["GET"]}}],"collection":[{"href":"https:\/\/www.radiopresidenteibanez.cl\/web\/wp-json\/wp\/v2\/posts"}],"about":[{"href":"https:\/\/www.radiopresidenteibanez.cl\/web\/wp-json\/wp\/v2\/types\/post"}],"author":[{"embeddable":true,"href":"https:\/\/www.radiopresidenteibanez.cl\/web\/wp-json\/wp\/v2\/users\/2"}],"replies":[{"embeddable":true,"href":"https:\/\/www.radiopresidenteibanez.cl\/web\/wp-json\/wp\/v2\/comments?post=28651"}],"version-history":[{"count":0,"href":"https:\/\/www.radiopresidenteibanez.cl\/web\/wp-json\/wp\/v2\/posts\/28651\/revisions"}],"wp:featuredmedia":[{"embeddable":true,"href":"https:\/\/www.radiopresidenteibanez.cl\/web\/wp-json\/wp\/v2\/media\/28652"}],"wp:attachment":[{"href":"https:\/\/www.radiopresidenteibanez.cl\/web\/wp-json\/wp\/v2\/media?parent=28651"}],"wp:term":[{"taxonomy":"category","embeddable":true,"href":"https:\/\/www.radiopresidenteibanez.cl\/web\/wp-json\/wp\/v2\/categories?post=28651"},{"taxonomy":"post_tag","embeddable":true,"href":"https:\/\/www.radiopresidenteibanez.cl\/web\/wp-json\/wp\/v2\/tags?post=28651"}],"curies":[{"name":"wp","href":"https:\/\/api.w.org\/{rel}","templated":true}]}}