{"id":28618,"date":"2022-04-07T08:15:50","date_gmt":"2022-04-07T11:15:50","guid":{"rendered":"https:\/\/www.radiopresidenteibanez.cl\/web\/?p=28618"},"modified":"2022-04-07T08:15:55","modified_gmt":"2022-04-07T11:15:55","slug":"directores-y-ejecutivos-de-enap-conocen-en-terreno-el-relacionamiento-comunitario-que-la-empresa-mantiene-en-magallanes","status":"publish","type":"post","link":"https:\/\/www.radiopresidenteibanez.cl\/web\/directores-y-ejecutivos-de-enap-conocen-en-terreno-el-relacionamiento-comunitario-que-la-empresa-mantiene-en-magallanes\/","title":{"rendered":"DIRECTORES Y EJECUTIVOS DE ENAP CONOCEN EN TERRENO EL RELACIONAMIENTO COMUNITARIO QUE LA EMPRESA MANTIENE EN MAGALLANES"},"content":{"rendered":"\n<p>Uno de los pilares fundamentales de ENAP\nes su relacionamiento con las comunidades en donde est\u00e1n insertas sus\noperaciones. Por ello, existen distintas iniciativas que promueven el\ndesarrollo de las personas y organizaciones, como los cursos de capacitaci\u00f3n,\nespacios educativos y fondos concursables, entre otros. <\/p>\n\n\n\n<p>Conocer en terreno el impacto que \u00e9stos\nhan tenido en Magallanes fue el objetivo de la reciente visita del Comit\u00e9\nComunitario del Directorio ENAP, presidido por Ana Holuigue.\u201cSiempre es\nuna experiencia maravillosa acercarse a los lugares donde la empresa opera. A\nveces las cosas se ven de una manera distinta desde las oficinas centrales y\ncreo que siempre tener calle ayuda mucho, como persona y como parte de una\norganizaci\u00f3n. A m\u00ed en lo personal me interesa mucho estar en terreno, porque\nuno conoce realidades en primera persona, y eso se valora y a uno le devuelve\nla energ\u00eda para seguir trabajando por una mejor ENAP\u201d, expres\u00f3 la directora<strong>.<\/strong><\/p>\n\n\n\n<p>Holuigue lleg\u00f3 acompa\u00f1ada de otros dos\ndirectores: Marcos Varas y Jos\u00e9 Luis Mardones. Los tres, junto al gerente\ngeneral (I) de ENAP, Julio Aranis; el gerente corporativo HSEC, Leonardo\nCanales; el gerente corporativo de personas, Andr\u00e9s Le\u00f3n; y el gerente general\nde ENAP E&amp;P Magallanes, Pablo Mart\u00ednez, visitaron la Sala de la Energ\u00eda en\nel Museo Maggiorino Borgatello. All\u00ed fueron recibidos por su director,\nSalvatore Cirilo, quien expuso los alcances del proyecto \u201cUn aporte de ENAP a\nla cultura ancestral de la Patagonia\u201d, el cual en 2021 se adjudic\u00f3 Fondos de\nInnovaci\u00f3n Ambiental impulsados por la empresa estatal. Su principal prop\u00f3sito es\nestablecer una base digital con una colecci\u00f3n arqueol\u00f3gica perteneciente a los\npueblos originarios. <\/p>\n\n\n\n<p>El objetivo es iluminar y dar mejor uso al\npatio de juegos y m\u00e1quinas para hacer ejercicios, adem\u00e1s de disminuir el riesgo\nde robos y ahorrar en el consumo de energ\u00eda el\u00e9ctrica, beneficiando as\u00ed a todos\nlos vecinos del sector. <\/p>\n\n\n\n<p>El presidente de la Junta de Vecinos,\nJorge Vergara, agradeci\u00f3 la visita de los ejecutivos e invit\u00f3 a otras sedes a\npostular proyectos que promuevan energ\u00edas renovables. \u201cFue una sorpresa bien\nagradable tener a los ejecutivos de ENAP ac\u00e1, tuvieron la oportunidad de ver en\nterreno el proyecto y lo que significa en esta zona y en las juntas de vecinos.\nYo recomiendo a todas las JJVV que se interesen por la luz solar, nosotros les\npodemos dar orientaciones, porque es muy bueno. Los frutos no se ven en forma\ninmediata, pero a la larga es una gran econom\u00eda\u201d, explic\u00f3. <\/p>\n\n\n\n<p>El gerente general (I) de ENAP, Julio\nAranis, tambi\u00e9n se mostr\u00f3 muy grato con la visita a la regi\u00f3n y con las\nactividades realizadas. \u201cEs muy gratificante observar y comprobar en terreno como\nse organizan las juntas de vecinos para sacar adelante sus proyectos y nosotros\nen ENAP siempre estaremos dispuestos a apoyar estas iniciativas que permiten\nmejorar su calidad de vida\u201d.<\/p>\n","protected":false},"excerpt":{"rendered":"<p>Uno de los pilares fundamentales de ENAP es su relacionamiento con las comunidades en donde est\u00e1n insertas sus operaciones. Por ello, existen distintas iniciativas que promueven el desarrollo de las&#8230; <a class=\"read-more\" href=\"https:\/\/www.radiopresidenteibanez.cl\/web\/directores-y-ejecutivos-de-enap-conocen-en-terreno-el-relacionamiento-comunitario-que-la-empresa-mantiene-en-magallanes\/\">Leer m\u00e1s<\/a><\/p>\n","protected":false},"author":2,"featured_media":28619,"comment_status":"closed","ping_status":"closed","sticky":false,"template":"","format":"standard","meta":{"footnotes":""},"categories":[1],"tags":[],"class_list":["post-28618","post","type-post","status-publish","format-standard","has-post-thumbnail","hentry","category-cronica"],"_links":{"self":[{"href":"https:\/\/www.radiopresidenteibanez.cl\/web\/wp-json\/wp\/v2\/posts\/28618","targetHints":{"allow":["GET"]}}],"collection":[{"href":"https:\/\/www.radiopresidenteibanez.cl\/web\/wp-json\/wp\/v2\/posts"}],"about":[{"href":"https:\/\/www.radiopresidenteibanez.cl\/web\/wp-json\/wp\/v2\/types\/post"}],"author":[{"embeddable":true,"href":"https:\/\/www.radiopresidenteibanez.cl\/web\/wp-json\/wp\/v2\/users\/2"}],"replies":[{"embeddable":true,"href":"https:\/\/www.radiopresidenteibanez.cl\/web\/wp-json\/wp\/v2\/comments?post=28618"}],"version-history":[{"count":0,"href":"https:\/\/www.radiopresidenteibanez.cl\/web\/wp-json\/wp\/v2\/posts\/28618\/revisions"}],"wp:featuredmedia":[{"embeddable":true,"href":"https:\/\/www.radiopresidenteibanez.cl\/web\/wp-json\/wp\/v2\/media\/28619"}],"wp:attachment":[{"href":"https:\/\/www.radiopresidenteibanez.cl\/web\/wp-json\/wp\/v2\/media?parent=28618"}],"wp:term":[{"taxonomy":"category","embeddable":true,"href":"https:\/\/www.radiopresidenteibanez.cl\/web\/wp-json\/wp\/v2\/categories?post=28618"},{"taxonomy":"post_tag","embeddable":true,"href":"https:\/\/www.radiopresidenteibanez.cl\/web\/wp-json\/wp\/v2\/tags?post=28618"}],"curies":[{"name":"wp","href":"https:\/\/api.w.org\/{rel}","templated":true}]}}