{"id":28602,"date":"2022-04-06T12:31:00","date_gmt":"2022-04-06T15:31:00","guid":{"rendered":"https:\/\/www.radiopresidenteibanez.cl\/web\/?p=28602"},"modified":"2022-04-06T12:22:26","modified_gmt":"2022-04-06T15:22:26","slug":"hospital-de-natales-recibio-la-visita-de-la-delagada-presidencial-provincial-de-ultima-esperanza-para-establecer-trabajo-conjunto","status":"publish","type":"post","link":"https:\/\/www.radiopresidenteibanez.cl\/web\/hospital-de-natales-recibio-la-visita-de-la-delagada-presidencial-provincial-de-ultima-esperanza-para-establecer-trabajo-conjunto\/","title":{"rendered":"HOSPITAL DE NATALES RECIBIO LA VISITA DE LA DELAGADA PRESIDENCIAL PROVINCIAL DE ULTIMA ESPERANZA PARA ESTABLECER TRABAJO CONJUNTO"},"content":{"rendered":"\n<p>Con el fin de establecer un trabajo colaborativo,\nel d\u00eda de ayer la Delegaci\u00f3n Presidencial Provincial de \u00daltima Esperanza, encabezada\npor su titular, Romina \u00c1lvarez, sostuvo una reuni\u00f3n de trabajo con el director\n(s) Dr. Ricardo Castro D\u00edaz; con el subdirector m\u00e9dico (s), Dr. Antonio\nMiranda; y la trabajadora social del hospital, Caroline Ponce.<\/p>\n\n\n\n<p>En ese contexto, la delegada recorri\u00f3 diversas \u00e1reas\ncl\u00ednicas y de trabajo, como tambi\u00e9n tuvo la oportunidad de conocer m\u00e1s de cerca\nlos casos sociales del recinto hospitalario; instancia que permiti\u00f3\ninteriorizarse tanto del funcionamiento de los servicios, como del trabajo que\nse est\u00e1 realizando en cada \u00e1rea.<\/p>\n\n\n\n<p>\u201cEstuvimos en una productiva visita protocolar,\nmuy fruct\u00edfera, donde pudimos ver distintos lineamientos de trabajo,\ncomprendiendo que el paciente y las personas que visitan el hospital deben tener\nuna atenci\u00f3n integral desde el \u00e1mbito biopsicosocial\u201d, dijo la m\u00e1xima autoridad\nde \u00daltima Esperanza.<\/p>\n\n\n\n<p>A su vez, la delegada destac\u00f3 la fijaci\u00f3n de\nlineamientos estrat\u00e9gicos del hospital, se\u00f1alando que \u201chablamos sobre la las directrices\nde trabajo para este a\u00f1o, gestiones correspondientes, y esperamos poder seguir\ncon las coordinaciones con el Hospital de Natales; entendiendo que la salud\np\u00fablica es un eje fundamental para construir en conjunto el bienestar ciudadano\u201d,\nindic\u00f3.<\/p>\n\n\n\n<p>Por su parte, el director (s) Dr. Ricardo Castro valor\u00f3 la\nconexi\u00f3n que existe con el Gobierno Regional y con el Servicio de Salud\nMagallanes en tres lineamientos de trabajo. \u201cEl primero es una v\u00eda de\nfinanciamiento para la adquisici\u00f3n de veh\u00edculos, un minubus para el uso de\nusuarios, y una camioneta con pick up abierto que nos ayude a las necesidades\npropias de la subdirecci\u00f3n de operaciones y servicios generales\u201d.<\/p>\n\n\n\n<p>Luego, agreg\u00f3 que, \u201cun segundo proyecto que ser\u00eda la compra de\nequipamiento y ya estar\u00eda autorizado, nosotros hicimos un listado de los equipos\nque necesitamos, y eso deber\u00eda completarse dentro de los pr\u00f3ximos 3 a 4 meses\u201d.<\/p>\n\n\n\n<p>Finalmente, destac\u00f3 los lineamientos del Gobierno, se\u00f1alando que,\n\u201ctiene que ver con aumentar la resolutividad quir\u00fargica b\u00e1sicamente, eso ya\nest\u00e1 siendo trabajado con el Gore y con el Servicio de Salud Magallanes,\nrecopilando las necesidades en las listas de espera, con el firme prop\u00f3sito de\nhacer la resoluci\u00f3n correspondiente a nivel local\u201d, manifest\u00f3 Ricardo Castro.<\/p>\n","protected":false},"excerpt":{"rendered":"<p>Con el fin de establecer un trabajo colaborativo, el d\u00eda de ayer la Delegaci\u00f3n Presidencial Provincial de \u00daltima Esperanza, encabezada por su titular, Romina \u00c1lvarez, sostuvo una reuni\u00f3n de trabajo&#8230; <a class=\"read-more\" href=\"https:\/\/www.radiopresidenteibanez.cl\/web\/hospital-de-natales-recibio-la-visita-de-la-delagada-presidencial-provincial-de-ultima-esperanza-para-establecer-trabajo-conjunto\/\">Leer m\u00e1s<\/a><\/p>\n","protected":false},"author":2,"featured_media":28603,"comment_status":"closed","ping_status":"closed","sticky":false,"template":"","format":"standard","meta":{"footnotes":""},"categories":[1],"tags":[],"class_list":["post-28602","post","type-post","status-publish","format-standard","has-post-thumbnail","hentry","category-cronica"],"_links":{"self":[{"href":"https:\/\/www.radiopresidenteibanez.cl\/web\/wp-json\/wp\/v2\/posts\/28602","targetHints":{"allow":["GET"]}}],"collection":[{"href":"https:\/\/www.radiopresidenteibanez.cl\/web\/wp-json\/wp\/v2\/posts"}],"about":[{"href":"https:\/\/www.radiopresidenteibanez.cl\/web\/wp-json\/wp\/v2\/types\/post"}],"author":[{"embeddable":true,"href":"https:\/\/www.radiopresidenteibanez.cl\/web\/wp-json\/wp\/v2\/users\/2"}],"replies":[{"embeddable":true,"href":"https:\/\/www.radiopresidenteibanez.cl\/web\/wp-json\/wp\/v2\/comments?post=28602"}],"version-history":[{"count":0,"href":"https:\/\/www.radiopresidenteibanez.cl\/web\/wp-json\/wp\/v2\/posts\/28602\/revisions"}],"wp:featuredmedia":[{"embeddable":true,"href":"https:\/\/www.radiopresidenteibanez.cl\/web\/wp-json\/wp\/v2\/media\/28603"}],"wp:attachment":[{"href":"https:\/\/www.radiopresidenteibanez.cl\/web\/wp-json\/wp\/v2\/media?parent=28602"}],"wp:term":[{"taxonomy":"category","embeddable":true,"href":"https:\/\/www.radiopresidenteibanez.cl\/web\/wp-json\/wp\/v2\/categories?post=28602"},{"taxonomy":"post_tag","embeddable":true,"href":"https:\/\/www.radiopresidenteibanez.cl\/web\/wp-json\/wp\/v2\/tags?post=28602"}],"curies":[{"name":"wp","href":"https:\/\/api.w.org\/{rel}","templated":true}]}}