{"id":28575,"date":"2022-04-05T15:45:50","date_gmt":"2022-04-05T18:45:50","guid":{"rendered":"https:\/\/www.radiopresidenteibanez.cl\/web\/?p=28575"},"modified":"2022-04-05T15:45:56","modified_gmt":"2022-04-05T18:45:56","slug":"gobierno-y-municipio-de-punta-arenas-fortaleceran-trabajo-conjunto-en-materia-de-seguridad-publica","status":"publish","type":"post","link":"https:\/\/www.radiopresidenteibanez.cl\/web\/gobierno-y-municipio-de-punta-arenas-fortaleceran-trabajo-conjunto-en-materia-de-seguridad-publica\/","title":{"rendered":"GOBIERNO Y MUNICIPIO DE PUNTA ARENAS FORTALECER\u00c1N TRABAJO CONJUNTO EN MATERIA DE SEGURIDAD P\u00daBLICA"},"content":{"rendered":"\n<p>Continuando con el trabajo colaborativo entre la Municipalidad de Punta Arenas y el Gobierno, el Alcalde Claudio Radonich, present\u00f3 un informe de seguridad municipal a la Delegada Presidencial de Magallanes, Luz Berm\u00fadez, en el cual se analizaron las cifras de seguridad entre el a\u00f1o 2021 y 2022, adem\u00e1s de informar las acciones preventivas que se han desarrollado en el \u00faltimo tiempo desde dicho organismo comunal.<\/p>\n\n\n\n<p>El encuentro, realizado en las dependencias de la Direcci\u00f3n de Desarrollo Comunitario, junto al director de Seguridad P\u00fablica municipal, Alejandro Tobar, puso sobre la mesa los principales focos que ha detectado el municipio en su amplio recorrido por los barrios y zonas de Punta Arenas, lo cual se suma al trabajo colaborativo con las polic\u00edas e instituciones relacionadas.<\/p>\n\n\n\n<p>\u201cUno de los temas importantes en nuestra ciudad es la Seguridad P\u00fablica, por lo que hemos conversado con la Delegada al respecto, para ver c\u00f3mo logramos acciones conjuntas, con el fin de ir en ayuda de nuestros vecinos, generando acciones preventivas con las polic\u00edas y la Fiscal\u00eda regional, a lo cual obviamente est\u00e1 convocado el Gobierno para que pueda sumarse a esta labor, que busca generar mayor sensaci\u00f3n de seguridad, pero tambi\u00e9n potenciar el trabajo que se desarrolla en esa materia desde las diversas instituciones vinculadas\u201d, expres\u00f3 el Alcalde Claudio Radonich al final de la reuni\u00f3n.<\/p>\n\n\n\n<p>De igual forma, el jefe comunal manifest\u00f3 que \u201cesta reuni\u00f3n fue para informar cual es el trabajo que realiza la Municipalidad en materia de seguridad, ya que hemos crecido en dicho \u00e1mbito, puesto que hace 5 a\u00f1os nuestra instituci\u00f3n no ten\u00eda participaci\u00f3n en esta problem\u00e1tica, lo cual ha cambiado con diversas acciones concretas, como la creaci\u00f3n de la Direcci\u00f3n de Seguridad P\u00fablica, la implementaci\u00f3n de c\u00e1maras de televigilancia gracias a proyectos financiados por la Subsecretar\u00eda de Prevenci\u00f3n del Delito, convenios con Carabineros de Chile para habilitar la nueva central de c\u00e1maras, as\u00ed como tambi\u00e9n el fortalecimiento de la coordinaci\u00f3n entre ambas instituciones por medio de la l\u00ednea gratuita 800 800 134, la que funciona las 24 horas del d\u00eda gracias al constante apoyo de Carabineros, quienes cedieron en comodato el espacio que hoy utilizamos, de manera de poder estar en permanente contacto con la Central de Comunicaciones de Carabineros\u201d.<\/p>\n\n\n\n<p>Por su parte, la Delegada Presidencial, agreg\u00f3 que \u201cel Alcalde ha querido compartir con nosotros acerca de las actividades que est\u00e1n desarrollando como municipio en materia de seguridad ciudadana, lo que nos parece sumamente importante para establecer coordinaciones desde la Delegaci\u00f3n Presidencial, y tambi\u00e9n tener claro el diagn\u00f3stico comunal y seguir cooperando con las iniciativas locales\u201d.<\/p>\n\n\n\n<p>\u201cHay iniciativas que se han estado trabajando que creo han sido s\u00faper significativas en cuanto a la percepci\u00f3n de seguridad, como por ejemplo el retiro de autos chatarras, las nuevas luminarias y las ideas de poder sumar c\u00e1maras en punto estrat\u00e9gicos de la ciudad, y que son iniciativas que tienen que robustecerse, y me parece bien que se presenten proyectos para poder colaborar en esas tem\u00e1ticas desde nuestro Gobierno\u201d, enfatiz\u00f3 Berm\u00fadez.<\/p>\n\n\n\n<p>En la instancia, tambi\u00e9n se destac\u00f3 y resalt\u00f3 el trabajo disuasivo que han obtenido las camionetas de vigilancia y patrullaje municipal, ya que desde el presenta a\u00f1o, cuentan con personal de Carabineros en diversas labores conjuntas, lo que ayuda al orden y cumplimiento de las normas vigentes.<\/p>\n\n\n\n<p>Finalmente, ambas autoridades hicieron el llamado a la comunidad a denunciar y a utilizar de buena forma la L\u00ednea gratuita de seguridad y emergencias 800 800 134, ya que puede ser de mucha utilidad frente a temas vinculados a incivilidades y otros delitos asociados.<\/p>\n\n\n\n<p><\/p>\n","protected":false},"excerpt":{"rendered":"<p>Continuando con el trabajo colaborativo entre la Municipalidad de Punta Arenas y el Gobierno, el Alcalde Claudio Radonich, present\u00f3 un informe de seguridad municipal a la Delegada Presidencial de Magallanes,&#8230; <a class=\"read-more\" href=\"https:\/\/www.radiopresidenteibanez.cl\/web\/gobierno-y-municipio-de-punta-arenas-fortaleceran-trabajo-conjunto-en-materia-de-seguridad-publica\/\">Leer m\u00e1s<\/a><\/p>\n","protected":false},"author":2,"featured_media":28576,"comment_status":"closed","ping_status":"closed","sticky":false,"template":"","format":"standard","meta":{"footnotes":""},"categories":[1],"tags":[],"class_list":["post-28575","post","type-post","status-publish","format-standard","has-post-thumbnail","hentry","category-cronica"],"_links":{"self":[{"href":"https:\/\/www.radiopresidenteibanez.cl\/web\/wp-json\/wp\/v2\/posts\/28575","targetHints":{"allow":["GET"]}}],"collection":[{"href":"https:\/\/www.radiopresidenteibanez.cl\/web\/wp-json\/wp\/v2\/posts"}],"about":[{"href":"https:\/\/www.radiopresidenteibanez.cl\/web\/wp-json\/wp\/v2\/types\/post"}],"author":[{"embeddable":true,"href":"https:\/\/www.radiopresidenteibanez.cl\/web\/wp-json\/wp\/v2\/users\/2"}],"replies":[{"embeddable":true,"href":"https:\/\/www.radiopresidenteibanez.cl\/web\/wp-json\/wp\/v2\/comments?post=28575"}],"version-history":[{"count":0,"href":"https:\/\/www.radiopresidenteibanez.cl\/web\/wp-json\/wp\/v2\/posts\/28575\/revisions"}],"wp:featuredmedia":[{"embeddable":true,"href":"https:\/\/www.radiopresidenteibanez.cl\/web\/wp-json\/wp\/v2\/media\/28576"}],"wp:attachment":[{"href":"https:\/\/www.radiopresidenteibanez.cl\/web\/wp-json\/wp\/v2\/media?parent=28575"}],"wp:term":[{"taxonomy":"category","embeddable":true,"href":"https:\/\/www.radiopresidenteibanez.cl\/web\/wp-json\/wp\/v2\/categories?post=28575"},{"taxonomy":"post_tag","embeddable":true,"href":"https:\/\/www.radiopresidenteibanez.cl\/web\/wp-json\/wp\/v2\/tags?post=28575"}],"curies":[{"name":"wp","href":"https:\/\/api.w.org\/{rel}","templated":true}]}}