{"id":28403,"date":"2022-03-30T16:02:52","date_gmt":"2022-03-30T19:02:52","guid":{"rendered":"https:\/\/www.radiopresidenteibanez.cl\/web\/?p=28403"},"modified":"2022-03-30T16:02:58","modified_gmt":"2022-03-30T19:02:58","slug":"vecinos-de-la-poblacion-estadio-realizaron-taller-de-compostaje","status":"publish","type":"post","link":"https:\/\/www.radiopresidenteibanez.cl\/web\/vecinos-de-la-poblacion-estadio-realizaron-taller-de-compostaje\/","title":{"rendered":"VECINOS DE LA POBLACI\u00d3N ESTADIO REALIZARON TALLER DE COMPOSTAJE"},"content":{"rendered":"\n<p>Taller de\nCompostaje, el que forma parte del Programa Quiero Mi Barrio Natales Antiguo-\nPoblaci\u00f3n Estadio. El objetivo de esta actividad era informar y difundir las\npr\u00e1cticas que colaboren a la disminuci\u00f3n de residuos.<\/p>\n\n\n\n<p>Constanza\nEscobar, encargada social del Programa Quiero Mi Barrio, se\u00f1al\u00f3 que \u00abel\nprograma ejecuta tres ejes de intervenci\u00f3n: Identidad y Patrimonio, Seguridad\nintegral y Medio Ambiente\u00bb. Cuenta que esta actividad surge de una encuesta\nque efectuaron a los vecinos del sector favorecido \u00absobre los intereses\nque ten\u00edan en temas de medio ambiente y una de estas fue las pr\u00e1cticas de\nhuertas y compostaje\u00bb. Por ello, para la concreci\u00f3n de este eje se\ncontactaron con emprendedores locales, que pudieran ense\u00f1ar a los vecinos c\u00f3mo\nse trabaja el compost.<\/p>\n\n\n\n<p>Por ello 23\nvecinos de la Poblaci\u00f3n Estadio se trasladaron hasta el Pasaje Buena Vista Lote\n22, en el Sector de Villa Cari\u00f1o, donde se ubica Compost Coir\u00f3n. En la visita\nen terreno pudieron apreciar el proceso del compostaje.<\/p>\n\n\n\n<p>Mar\u00eda Eliana\nBarrientos, presidenta del Comit\u00e9 de Vivienda Rub\u00e9n Dar\u00edo, dijo que \u00abesta\nes una de las grandes oportunidades que nos entregan estas actividades, por el\nhecho de que tu aprendes a controlar tu basura, en este caso el\ncompostaje\u00bb. Destac\u00f3 el hecho de que las personas sepan c\u00f3mo utilizar su\nbasura y que no llegue toda al vertedero, evitando tambi\u00e9n que en ese recinto\nse produzcan nuevos incendios producto de los desechos que las personas\neliminan.<\/p>\n\n\n\n<p>La actividad\ntambi\u00e9n cont\u00f3 con la presencia de ni\u00f1as y ni\u00f1os de la Poblaci\u00f3n Estadio,\nquienes al igual que los adultos pudieron ver c\u00f3mo es posible contribuir al\ncuidado del medio ambiente.<\/p>\n\n\n\n<p>Cabe destacar que\nel programa Quiero Mi Barrio, es financiado por el Ministerio de Vivienda y\nUrbanismo y ejecutado por la Ilustre Municipalidad de Natales.<\/p>\n","protected":false},"excerpt":{"rendered":"<p>Taller de Compostaje, el que forma parte del Programa Quiero Mi Barrio Natales Antiguo- Poblaci\u00f3n Estadio. El objetivo de esta actividad era informar y difundir las pr\u00e1cticas que colaboren a&#8230; <a class=\"read-more\" href=\"https:\/\/www.radiopresidenteibanez.cl\/web\/vecinos-de-la-poblacion-estadio-realizaron-taller-de-compostaje\/\">Leer m\u00e1s<\/a><\/p>\n","protected":false},"author":2,"featured_media":28404,"comment_status":"closed","ping_status":"closed","sticky":false,"template":"","format":"standard","meta":{"footnotes":""},"categories":[1],"tags":[],"class_list":["post-28403","post","type-post","status-publish","format-standard","has-post-thumbnail","hentry","category-cronica"],"_links":{"self":[{"href":"https:\/\/www.radiopresidenteibanez.cl\/web\/wp-json\/wp\/v2\/posts\/28403","targetHints":{"allow":["GET"]}}],"collection":[{"href":"https:\/\/www.radiopresidenteibanez.cl\/web\/wp-json\/wp\/v2\/posts"}],"about":[{"href":"https:\/\/www.radiopresidenteibanez.cl\/web\/wp-json\/wp\/v2\/types\/post"}],"author":[{"embeddable":true,"href":"https:\/\/www.radiopresidenteibanez.cl\/web\/wp-json\/wp\/v2\/users\/2"}],"replies":[{"embeddable":true,"href":"https:\/\/www.radiopresidenteibanez.cl\/web\/wp-json\/wp\/v2\/comments?post=28403"}],"version-history":[{"count":0,"href":"https:\/\/www.radiopresidenteibanez.cl\/web\/wp-json\/wp\/v2\/posts\/28403\/revisions"}],"wp:featuredmedia":[{"embeddable":true,"href":"https:\/\/www.radiopresidenteibanez.cl\/web\/wp-json\/wp\/v2\/media\/28404"}],"wp:attachment":[{"href":"https:\/\/www.radiopresidenteibanez.cl\/web\/wp-json\/wp\/v2\/media?parent=28403"}],"wp:term":[{"taxonomy":"category","embeddable":true,"href":"https:\/\/www.radiopresidenteibanez.cl\/web\/wp-json\/wp\/v2\/categories?post=28403"},{"taxonomy":"post_tag","embeddable":true,"href":"https:\/\/www.radiopresidenteibanez.cl\/web\/wp-json\/wp\/v2\/tags?post=28403"}],"curies":[{"name":"wp","href":"https:\/\/api.w.org\/{rel}","templated":true}]}}