{"id":28397,"date":"2022-03-30T12:23:17","date_gmt":"2022-03-30T15:23:17","guid":{"rendered":"https:\/\/www.radiopresidenteibanez.cl\/web\/?p=28397"},"modified":"2022-03-30T12:23:22","modified_gmt":"2022-03-30T15:23:22","slug":"mop-finaliza-reposicion-de-losas-de-hormigon-en-las-rutas-255-ch-y-257-ch","status":"publish","type":"post","link":"https:\/\/www.radiopresidenteibanez.cl\/web\/mop-finaliza-reposicion-de-losas-de-hormigon-en-las-rutas-255-ch-y-257-ch\/","title":{"rendered":"MOP FINALIZA REPOSICION DE LOSAS DE HORMIGON EN LAS RUTAS 255-CH y 257-CH"},"content":{"rendered":"\n<p>El Ministerio de\nObras P\u00fablicas (MOP), a trav\u00e9s de la Direcci\u00f3n de Vialidad, ejecut\u00f3 un contrato\nde conservaci\u00f3n de la red vial consistente en la reposici\u00f3n de las losas de\nhormig\u00f3n en la Ruta 255-CH,\nentre los kil\u00f3metros 15,00 y el 90,50, y en la Ruta 257-CH entre los kil\u00f3metros\n0,00 y el 15,94, sector de la\nrampa del tramo poniente del cruce mar\u00edtimo de Punta Delgada.<\/p>\n\n\n\n<p>Las obras, desarrolladas por la Sociedad\nConstructora AES LTDA., consideraron una inversi\u00f3n de $ 529.653.879 de\nfinanciamiento sectorial, y presentan un 100 por ciento de avance tras su\nconclusi\u00f3n en el presente mes de marzo.<\/p>\n\n\n\n<p>El Director Regional Subrogante de Vialidad, Renato\nAlvarado Mu\u00f1oz, se\u00f1alo que: \u201cEste contrato se llev\u00f3\na cabo con la finalidad de dar soluci\u00f3n a las losas de hormig\u00f3n en mal estado,\ndeterioradas por la acci\u00f3n del tiempo, principalmente por el tr\u00e1nsito de\nveh\u00edculos pesados y las condiciones clim\u00e1ticas imperantes en la zona\u201d. <\/p>\n\n\n\n<p>\u201cSe contempl\u00f3 para devolver a la plataforma su condici\u00f3n original, el\nsello de grietas y\/o fisuras; la reparaci\u00f3n del espesor parcial; y la\nreposici\u00f3n del espesor total o la reposici\u00f3n completa de la losa, dependiendo\ndel tipo de deterioro y del nivel de severidad de \u00e9ste\u201d, a\u00f1adi\u00f3 Alvarado. <\/p>\n\n\n\n<p>Finalmente, la Direcci\u00f3n de Vialidad hizo un llamado a los usuarios de\nestas rutas a conducir con precauci\u00f3n y con atenci\u00f3n de las condiciones del\ntr\u00e1nsito imperantes, considerando la proximidad del invierno.<\/p>\n","protected":false},"excerpt":{"rendered":"<p>El Ministerio de Obras P\u00fablicas (MOP), a trav\u00e9s de la Direcci\u00f3n de Vialidad, ejecut\u00f3 un contrato de conservaci\u00f3n de la red vial consistente en la reposici\u00f3n de las losas de&#8230; <a class=\"read-more\" href=\"https:\/\/www.radiopresidenteibanez.cl\/web\/mop-finaliza-reposicion-de-losas-de-hormigon-en-las-rutas-255-ch-y-257-ch\/\">Leer m\u00e1s<\/a><\/p>\n","protected":false},"author":2,"featured_media":28398,"comment_status":"closed","ping_status":"closed","sticky":false,"template":"","format":"standard","meta":{"footnotes":""},"categories":[1],"tags":[],"class_list":["post-28397","post","type-post","status-publish","format-standard","has-post-thumbnail","hentry","category-cronica"],"_links":{"self":[{"href":"https:\/\/www.radiopresidenteibanez.cl\/web\/wp-json\/wp\/v2\/posts\/28397","targetHints":{"allow":["GET"]}}],"collection":[{"href":"https:\/\/www.radiopresidenteibanez.cl\/web\/wp-json\/wp\/v2\/posts"}],"about":[{"href":"https:\/\/www.radiopresidenteibanez.cl\/web\/wp-json\/wp\/v2\/types\/post"}],"author":[{"embeddable":true,"href":"https:\/\/www.radiopresidenteibanez.cl\/web\/wp-json\/wp\/v2\/users\/2"}],"replies":[{"embeddable":true,"href":"https:\/\/www.radiopresidenteibanez.cl\/web\/wp-json\/wp\/v2\/comments?post=28397"}],"version-history":[{"count":0,"href":"https:\/\/www.radiopresidenteibanez.cl\/web\/wp-json\/wp\/v2\/posts\/28397\/revisions"}],"wp:featuredmedia":[{"embeddable":true,"href":"https:\/\/www.radiopresidenteibanez.cl\/web\/wp-json\/wp\/v2\/media\/28398"}],"wp:attachment":[{"href":"https:\/\/www.radiopresidenteibanez.cl\/web\/wp-json\/wp\/v2\/media?parent=28397"}],"wp:term":[{"taxonomy":"category","embeddable":true,"href":"https:\/\/www.radiopresidenteibanez.cl\/web\/wp-json\/wp\/v2\/categories?post=28397"},{"taxonomy":"post_tag","embeddable":true,"href":"https:\/\/www.radiopresidenteibanez.cl\/web\/wp-json\/wp\/v2\/tags?post=28397"}],"curies":[{"name":"wp","href":"https:\/\/api.w.org\/{rel}","templated":true}]}}