{"id":28394,"date":"2022-03-30T11:07:00","date_gmt":"2022-03-30T14:07:00","guid":{"rendered":"https:\/\/www.radiopresidenteibanez.cl\/web\/?p=28394"},"modified":"2022-03-30T10:52:54","modified_gmt":"2022-03-30T13:52:54","slug":"etel-latorre-jefa-de-la-difoin-vemos-con-claridad-el-impacto-del-castor-sobre-el-desarrollo-productivo-y-la-importancia-de-tomar-accion-para-contenerlo","status":"publish","type":"post","link":"https:\/\/www.radiopresidenteibanez.cl\/web\/etel-latorre-jefa-de-la-difoin-vemos-con-claridad-el-impacto-del-castor-sobre-el-desarrollo-productivo-y-la-importancia-de-tomar-accion-para-contenerlo\/","title":{"rendered":"ETEL LATORRE, JEFA DE LA DIFOIN \u201cVEMOS CON CLARIDAD EL IMPACTO DEL CASTOR SOBRE EL DESARROLLO PRODUCTIVO Y LA IMPORTANCIA DE TOMAR ACCION PARA CONTENERLO\u201d"},"content":{"rendered":"\n<p>El control del\ncastor como especie invasora en la Patagonia es destacado como una preocupaci\u00f3n\ncentral para el cumplimiento de los objetivos de protecci\u00f3n del patrimonio\nmedioambiental de la regi\u00f3n de Magallanes. As\u00ed lo resalt\u00f3 la Jefa de la\nDivisi\u00f3n de Fomento e Industria del Gobierno Regional, Etel Latorre.<\/p>\n\n\n\n<p>Latorre Varas\n-m\u00e9dico veterinario con vasta experiencia en el \u00e1mbito agroproductivo, donde ha\ncumplido roles como investigadora y Directora en instituciones como el INIA\nKampenaike (Instituto de Investigaciones Agropecuarias), pero tambi\u00e9n funciones\nde gesti\u00f3n p\u00fablica, como seremi de Agricultura durante el primer gobierno de\nMichelle Bachelet \u2013 se incorpor\u00f3 al equipo del nuevo gobierno regional de\nMagallanes, liderado por Jorge Flies A\u00f1\u00f3n, quien ha sido enf\u00e1tico en declarar\nla preocupaci\u00f3n por el medio ambiente como un sello de su gesti\u00f3n. As\u00ed lo\ndemuestra el hecho de que apenas un mes despu\u00e9s de asumir el cargo, Flies\ndecidiera decretar estado de Emergencia Clim\u00e1tica, medida que va en la l\u00ednea de\nlo declarado en su programa electoral, en el que manifest\u00f3 que lograr la\ncarbono neutralidad ser\u00e1 una de sus prioridades.<\/p>\n\n\n\n<p>Por ello, la\njefa de la Divisi\u00f3n de Fomento e Industria del GORE de Magallanes, Etel\nLatorre, ser\u00e1 un actor fundamental en la continuaci\u00f3n de los esfuerzos por\ncontener la amenaza que el castor representa para los ecosistemas de la\nPatagonia, y su impacto sobre el desarrollo econ\u00f3mico de la regi\u00f3n de\nMagallanes. Al respecto, es clara en se\u00f1alar que la invasi\u00f3n del castor en\nTierra del Fuego y en territorios continentales de la regi\u00f3n de Magallanes es\nun problema que requiere compromiso para la toma de acci\u00f3n, pues est\u00e1\ndemostrado que afecta el desarrollo productivo de diversos sectores.<\/p>\n\n\n\n<p><strong>\u201cVemos con claridad el impacto del castor sobre el\ndesarrollo productivo y la importancia de tomar acci\u00f3n para contenerlo\u201d<\/strong> asevera. Y a\u00f1ade: \u201csi el territorio se ve alterado en sus\ncomponentes productivos naturales, tales como las praderas y en los recursos\nh\u00eddricos, obviamente se ve afectada la producci\u00f3n ganadera\u201d. Asimismo, subraya\nque donde el impacto del castor es m\u00e1s evidente y patente es en los bosques,\npues las especies arb\u00f3reas de la Patagonia no tienen la resistencia al agua que\ntienen las especies forestales en Canad\u00e1, \u201cpor lo que el castor es\nterriblemente da\u00f1ino para el sector productivo\u201d.<\/p>\n\n\n\n<p>En este sentido,\nLatorre valor\u00f3 el aporte del proyecto GEF Castor al cuantificar el da\u00f1o que\nesta especie ha causado desde que fue introducida en Tierra del Fuego en 1946,\ny proyectar adem\u00e1s cu\u00e1nto ser\u00eda el impacto si no se act\u00faa decididamente contra\nesta amenaza. \u201cLas p\u00e9rdidas que se han generado no son menores pues superan los\n73 millones de d\u00f3lares, en producci\u00f3n de madera, sectores destinados a\nganader\u00eda que est\u00e1n inundados, captura de carbono, biodiversidad y recursos\np\u00fablicos destinados a investigaci\u00f3n\u201d, indic\u00f3. El estudio del proyecto GEF\nCastor determin\u00f3, adem\u00e1s, que de no hacer nada, el da\u00f1o ascender\u00e1 a 260\nmillones en los pr\u00f3ximos 20 a\u00f1os.<\/p>\n\n\n\n<p><strong>Rol del Gobierno Regional<\/strong><\/p>\n\n\n\n<p>Consultada sobre\nel rol que el gobierno regional deber\u00e1 cumplir en el manejo de esta amenaza,\nEtel Latorre relat\u00f3 que se han desarrollado acercamientos entre el equipo\nt\u00e9cnico del proyecto GEF Castor y las nuevas autoridades regionales. En este\ncontexto, resalt\u00f3 la reuni\u00f3n sostenida recientemente con la representante en\nChile de la Organizaci\u00f3n de las Naciones Unidas para la Alimentaci\u00f3n y la\nAgricultura (FAO), Eve Crowley, en la cual el gobernador conoci\u00f3 los avances\nalcanzados por el proyecto GEF Castor y se interioriz\u00f3 de los futuros desaf\u00edos.\n\u201cFAO nos present\u00f3 una iniciativa de continuidad, a cuatro a\u00f1os, que fue bien\nacogida por el Gobierno Regional, en donde se plantean el control del castor y\nsiendo m\u00e1s ambiciosos, la erradicaci\u00f3n\u201d, indic\u00f3.<\/p>\n\n\n\n<p>Se\u00f1al\u00f3,\nasimismo, que <strong>\u201cen definitiva el gobierno\nregional s\u00ed va a apoyar con fondos para el desarrollo de esta segunda etapa,\npor considerarlo muy importante en vista de los da\u00f1os que esta especie ya ha\ncausado al ecosistema\u201d.<\/strong><\/p>\n","protected":false},"excerpt":{"rendered":"<p>El control del castor como especie invasora en la Patagonia es destacado como una preocupaci\u00f3n central para el cumplimiento de los objetivos de protecci\u00f3n del patrimonio medioambiental de la regi\u00f3n&#8230; <a class=\"read-more\" href=\"https:\/\/www.radiopresidenteibanez.cl\/web\/etel-latorre-jefa-de-la-difoin-vemos-con-claridad-el-impacto-del-castor-sobre-el-desarrollo-productivo-y-la-importancia-de-tomar-accion-para-contenerlo\/\">Leer m\u00e1s<\/a><\/p>\n","protected":false},"author":2,"featured_media":28395,"comment_status":"closed","ping_status":"closed","sticky":false,"template":"","format":"standard","meta":{"footnotes":""},"categories":[1],"tags":[],"class_list":["post-28394","post","type-post","status-publish","format-standard","has-post-thumbnail","hentry","category-cronica"],"_links":{"self":[{"href":"https:\/\/www.radiopresidenteibanez.cl\/web\/wp-json\/wp\/v2\/posts\/28394","targetHints":{"allow":["GET"]}}],"collection":[{"href":"https:\/\/www.radiopresidenteibanez.cl\/web\/wp-json\/wp\/v2\/posts"}],"about":[{"href":"https:\/\/www.radiopresidenteibanez.cl\/web\/wp-json\/wp\/v2\/types\/post"}],"author":[{"embeddable":true,"href":"https:\/\/www.radiopresidenteibanez.cl\/web\/wp-json\/wp\/v2\/users\/2"}],"replies":[{"embeddable":true,"href":"https:\/\/www.radiopresidenteibanez.cl\/web\/wp-json\/wp\/v2\/comments?post=28394"}],"version-history":[{"count":0,"href":"https:\/\/www.radiopresidenteibanez.cl\/web\/wp-json\/wp\/v2\/posts\/28394\/revisions"}],"wp:featuredmedia":[{"embeddable":true,"href":"https:\/\/www.radiopresidenteibanez.cl\/web\/wp-json\/wp\/v2\/media\/28395"}],"wp:attachment":[{"href":"https:\/\/www.radiopresidenteibanez.cl\/web\/wp-json\/wp\/v2\/media?parent=28394"}],"wp:term":[{"taxonomy":"category","embeddable":true,"href":"https:\/\/www.radiopresidenteibanez.cl\/web\/wp-json\/wp\/v2\/categories?post=28394"},{"taxonomy":"post_tag","embeddable":true,"href":"https:\/\/www.radiopresidenteibanez.cl\/web\/wp-json\/wp\/v2\/tags?post=28394"}],"curies":[{"name":"wp","href":"https:\/\/api.w.org\/{rel}","templated":true}]}}