{"id":2834,"date":"2019-03-31T15:14:57","date_gmt":"2019-03-31T15:14:57","guid":{"rendered":"http:\/\/www.radiopresidenteibanez.cl\/web\/?p=2834"},"modified":"2019-03-31T15:15:41","modified_gmt":"2019-03-31T15:15:41","slug":"cambio-climatico-y-areas-marinas-protegidas-en-la-antartica-seran-el-foco-de-seminario-chile-noruega","status":"publish","type":"post","link":"https:\/\/www.radiopresidenteibanez.cl\/web\/cambio-climatico-y-areas-marinas-protegidas-en-la-antartica-seran-el-foco-de-seminario-chile-noruega\/","title":{"rendered":"CAMBIO CLIM\u00c1TICO Y \u00c1REAS MARINAS PROTEGIDAS EN LA ANT\u00c1RTICA SER\u00c1N EL FOCO DE SEMINARIO CHILE-NORUEGA"},"content":{"rendered":"\n<p>Con la presencia de\nlos reyes de Noruega se realizar\u00e1 el pr\u00f3ximo 30 de marzo el \u201cSeminario Conjunto\nChile-Noruega sobre Ant\u00e1rtica\u201d, en Punta Arenas, que pondr\u00e1 un \u00e9nfasis especial\nen las investigaciones de ambos pa\u00edses sobre cambio clim\u00e1tico y en el\ndesarrollo de \u00c1reas Marinas Protegidas y pesca sustentable del kril en el oc\u00e9ano\nAustral.<\/p>\n\n\n\n<p>Al encuentro\nasistir\u00e1n autoridades noruegas, como su Ministro de Pesca, y chilenas, como el\nMinistro de Ciencia, Tecnolog\u00eda e Innovaci\u00f3n, Dr. Andr\u00e9s Couve, adem\u00e1s de\nreconocidos cient\u00edficos en temas de conservaci\u00f3n, ecolog\u00eda, glaciolog\u00eda y oceanograf\u00eda\nen \u00e1reas polares. <\/p>\n\n\n\n<p>El seminario es\norganizado por la Embajada de Noruega en Chile y el Ministerio de Relaciones\nExteriores, y busca presentar las pol\u00edticas y prioridades de ambos pa\u00edses en la\nAnt\u00e1rtica; contribuir a la cooperaci\u00f3n cient\u00edfica noruego-chilena en la gesti\u00f3n\nde recursos en el Oc\u00e9ano Austral, incluido el trabajo sobre las \u00c1reas Marinas\nProtegidas; informar sobre los desarrollos de la propuesta Chile-Argentina para\nel establecimiento de un \u00c1rea Marina Protegida en el sector de la pen\u00ednsula\nAnt\u00e1rtica; mostrar la importancia de la investigaci\u00f3n ant\u00e1rtica y su\ncontribuci\u00f3n al conocimiento global sobre el cambio clim\u00e1tico; promover el\nTratado Ant\u00e1rtico y el Protocolo sobre Protecci\u00f3n del Medioambiente, y conocer\nla realidad de la industria pesquera noruega y chilena de kril y su papel en la\nAsociaci\u00f3n de Empresas Responsables de Captura de Kril (ARK).<\/p>\n\n\n\n<p>Este evento tiene\nlugar en el marco de la visita de Estado que realizan los reyes de Noruega, Rey\nHarald V y Reina Sonja, desde este martes y que tiene por objetivo celebrar los\n100 a\u00f1os de las relaciones diplom\u00e1ticas entre Chile y Noruega.<\/p>\n\n\n\n<p><strong><em>Contactos de prensa: <\/em><\/strong><em>Camila Navarrete <\/em><a href=\"mailto:cnavarrete@cimagen.cl\"><em>cnavarrete@cimagen.cl<\/em><\/a><em> &#8211; +56984294616 &#8211; M. Elena Montory <\/em><a href=\"mailto:mmontory@cimagen.cl\"><em>mmontory@cimagen.cl<\/em><\/a><em> +56999975971<\/em><\/p>\n\n\n\n<p><strong>SOBRE\nNORUEGA<\/strong><\/p>\n\n\n\n<p>Noruega, o el Reino\nde Noruega, elegido como una de las mejores democracias del mundo y como uno de\nlos mejores lugares para vivir. Referente en materias pol\u00edticas, econ\u00f3micas, de\nigualdad de g\u00e9nero, sustentabilidad y desarrollo.<\/p>\n\n\n\n<p>Con cerca de 5\nmillones de habitantes, este es un pa\u00eds multicultural, con un alto porcentaje\nde poblaci\u00f3n inmigrante y con reconocimiento a su pueblo ind\u00edgena, los Sami\n(que cuenta con su Parlamento, reconocido por el Estado). Conocido por su\n\u201cModelo N\u00f3rdico\u201d, Noruega destaca por leyes que promueven la igualdad de\ng\u00e9nero, y que permiten que el 70% de las mujeres se encuentren activas en el\nmercado laboral. Adem\u00e1s, la preocupaci\u00f3n por el medio ambiente comienza a tomar\nforma con diversas iniciativas que los han convertido en el sexto pa\u00eds m\u00e1s\nimportante de Europa en la producci\u00f3n de Energ\u00eda Hidroel\u00e9ctrica.<\/p>\n\n\n\n<p><strong>SOBRE\nLA CASA REAL<\/strong><\/p>\n\n\n\n<p>La historia de la\nCasa Real de Noruega comenz\u00f3 en 1905, cuando el pa\u00eds logr\u00f3 la independencia de\nSuecia y escogi\u00f3 al Rey Haakon VI como su primer monarca. Con m\u00e1s de 60\nmonarcas nombrados y m\u00e1s de 100 a\u00f1os de existencia, la casa real de Noruega,\nhoy, preside Consejos de Estado (en d\u00f3nde el gobierno, con todos sus actores,\ntoma las decisiones del pa\u00eds), hist\u00f3ricas ceremonias, lideran las fuerzas\narmadas y son los encargados de mejorar las relaciones internacionales de\nNoruega con el mundo.<\/p>\n\n\n\n<p>El Rey Harald y la Reina Sonja, son los regentes de la casa real de Noruega desde 1991 y durante los a\u00f1os de su reinado han recorrido varios pa\u00edses como Finlandia, Argentina, Italia y China. Cooperaci\u00f3n, desarrollo y conocimiento son los principales objetivos de las diferentes visitas que han realizado, buscando potenciar la conciencia ecol\u00f3gica, la educaci\u00f3n y el desarrollo de la ciencia han sido pilares fundamentales. <\/p>\n\n\n\n<figure class=\"wp-block-image\"><img loading=\"lazy\" decoding=\"async\" width=\"885\" height=\"560\" src=\"https:\/\/www.radiopresidenteibanez.cl\/web\/wp-content\/uploads\/2019\/03\/Rey-en-seminario.jpg\" alt=\"\" class=\"wp-image-2835\" srcset=\"https:\/\/www.radiopresidenteibanez.cl\/web\/wp-content\/uploads\/2019\/03\/Rey-en-seminario.jpg 885w, https:\/\/www.radiopresidenteibanez.cl\/web\/wp-content\/uploads\/2019\/03\/Rey-en-seminario-300x190.jpg 300w, https:\/\/www.radiopresidenteibanez.cl\/web\/wp-content\/uploads\/2019\/03\/Rey-en-seminario-768x486.jpg 768w\" sizes=\"auto, (max-width: 885px) 100vw, 885px\" \/><\/figure>\n","protected":false},"excerpt":{"rendered":"<p>Con la presencia de los reyes de Noruega se realizar\u00e1 el pr\u00f3ximo 30 de marzo el \u201cSeminario Conjunto Chile-Noruega sobre Ant\u00e1rtica\u201d, en Punta Arenas, que pondr\u00e1 un \u00e9nfasis especial en&#8230; <a class=\"read-more\" href=\"https:\/\/www.radiopresidenteibanez.cl\/web\/cambio-climatico-y-areas-marinas-protegidas-en-la-antartica-seran-el-foco-de-seminario-chile-noruega\/\">Leer m\u00e1s<\/a><\/p>\n","protected":false},"author":2,"featured_media":2835,"comment_status":"closed","ping_status":"closed","sticky":false,"template":"","format":"standard","meta":{"footnotes":""},"categories":[1],"tags":[],"class_list":["post-2834","post","type-post","status-publish","format-standard","has-post-thumbnail","hentry","category-cronica"],"_links":{"self":[{"href":"https:\/\/www.radiopresidenteibanez.cl\/web\/wp-json\/wp\/v2\/posts\/2834","targetHints":{"allow":["GET"]}}],"collection":[{"href":"https:\/\/www.radiopresidenteibanez.cl\/web\/wp-json\/wp\/v2\/posts"}],"about":[{"href":"https:\/\/www.radiopresidenteibanez.cl\/web\/wp-json\/wp\/v2\/types\/post"}],"author":[{"embeddable":true,"href":"https:\/\/www.radiopresidenteibanez.cl\/web\/wp-json\/wp\/v2\/users\/2"}],"replies":[{"embeddable":true,"href":"https:\/\/www.radiopresidenteibanez.cl\/web\/wp-json\/wp\/v2\/comments?post=2834"}],"version-history":[{"count":0,"href":"https:\/\/www.radiopresidenteibanez.cl\/web\/wp-json\/wp\/v2\/posts\/2834\/revisions"}],"wp:featuredmedia":[{"embeddable":true,"href":"https:\/\/www.radiopresidenteibanez.cl\/web\/wp-json\/wp\/v2\/media\/2835"}],"wp:attachment":[{"href":"https:\/\/www.radiopresidenteibanez.cl\/web\/wp-json\/wp\/v2\/media?parent=2834"}],"wp:term":[{"taxonomy":"category","embeddable":true,"href":"https:\/\/www.radiopresidenteibanez.cl\/web\/wp-json\/wp\/v2\/categories?post=2834"},{"taxonomy":"post_tag","embeddable":true,"href":"https:\/\/www.radiopresidenteibanez.cl\/web\/wp-json\/wp\/v2\/tags?post=2834"}],"curies":[{"name":"wp","href":"https:\/\/api.w.org\/{rel}","templated":true}]}}