{"id":283,"date":"2019-01-06T18:34:53","date_gmt":"2019-01-06T18:34:53","guid":{"rendered":"http:\/\/www.radiopresidenteibanez.cl\/web\/?p=283"},"modified":"2019-01-06T18:35:15","modified_gmt":"2019-01-06T18:35:15","slug":"mina-invierno-lidera-jornada-de-plantacion-en-universidad-de-magallanes","status":"publish","type":"post","link":"https:\/\/www.radiopresidenteibanez.cl\/web\/mina-invierno-lidera-jornada-de-plantacion-en-universidad-de-magallanes\/","title":{"rendered":"MINA INVIERNO LIDERA JORNADA DE PLANTACI\u00d3N EN UNIVERSIDAD DE MAGALLANES"},"content":{"rendered":"\n<p>En el marco del trabajo de reforestaci\u00f3n que desarrolla Mina Invierno, la compa\u00f1\u00eda don\u00f3 a la Universidad de Magallanes, UMAG, un total de 200 \u00e1rboles de diferentes especies cultivados en el vivero que la minera opera en Isla Riesco.<\/p>\n\n\n\n<p>La entrega de las especies se concret\u00f3 con una jornada de plantaci\u00f3n en la participaron trabajadores de la UMAG y profesionales de Mina Invierno.<\/p>\n\n\n\n<p>El&nbsp;vicerrector de Vinculaci\u00f3n con el Medio, Manuel Manr\u00edquez, destac\u00f3 el trabajo conjunto que han desarrollado ambas instituciones a lo largo del tiempo, con el fin de aportar a la preservaci\u00f3n del medio ambiente. \u201cTenemos que seguir cuidando el planeta sobre todo con estas especies que ellos (Mina Invierno) traen\u201d.<\/p>\n\n\n\n<p>En tanto, Gabriel Rodr\u00edguez, jefe de Rehabilitaci\u00f3n Medioambiental de la minera explic\u00f3 que \u201ccon esta donaci\u00f3n se avanza en el objetivo de generar m\u00e1s arborizaci\u00f3n urbana. Nos alegra que el trabajo que realizamos en nuestro invernadero siga dando frutos, que tienen un valor tanto para Isla Riesco como para la comunidad magall\u00e1nica\u201d.&nbsp;<\/p>\n\n\n\n<p>Entre las 200 especies plantadas se incluyeron pinos, lengas, retamos y \u00e1lamos canadienses.<\/p>\n","protected":false},"excerpt":{"rendered":"<p>En el marco del trabajo de reforestaci\u00f3n que desarrolla Mina Invierno, la compa\u00f1\u00eda don\u00f3 a la Universidad de Magallanes, UMAG, un total de 200 \u00e1rboles de diferentes especies cultivados en&#8230; <a class=\"read-more\" href=\"https:\/\/www.radiopresidenteibanez.cl\/web\/mina-invierno-lidera-jornada-de-plantacion-en-universidad-de-magallanes\/\">Leer m\u00e1s<\/a><\/p>\n","protected":false},"author":2,"featured_media":284,"comment_status":"closed","ping_status":"closed","sticky":false,"template":"","format":"standard","meta":{"footnotes":""},"categories":[1],"tags":[],"class_list":["post-283","post","type-post","status-publish","format-standard","has-post-thumbnail","hentry","category-cronica"],"_links":{"self":[{"href":"https:\/\/www.radiopresidenteibanez.cl\/web\/wp-json\/wp\/v2\/posts\/283","targetHints":{"allow":["GET"]}}],"collection":[{"href":"https:\/\/www.radiopresidenteibanez.cl\/web\/wp-json\/wp\/v2\/posts"}],"about":[{"href":"https:\/\/www.radiopresidenteibanez.cl\/web\/wp-json\/wp\/v2\/types\/post"}],"author":[{"embeddable":true,"href":"https:\/\/www.radiopresidenteibanez.cl\/web\/wp-json\/wp\/v2\/users\/2"}],"replies":[{"embeddable":true,"href":"https:\/\/www.radiopresidenteibanez.cl\/web\/wp-json\/wp\/v2\/comments?post=283"}],"version-history":[{"count":0,"href":"https:\/\/www.radiopresidenteibanez.cl\/web\/wp-json\/wp\/v2\/posts\/283\/revisions"}],"wp:featuredmedia":[{"embeddable":true,"href":"https:\/\/www.radiopresidenteibanez.cl\/web\/wp-json\/wp\/v2\/media\/284"}],"wp:attachment":[{"href":"https:\/\/www.radiopresidenteibanez.cl\/web\/wp-json\/wp\/v2\/media?parent=283"}],"wp:term":[{"taxonomy":"category","embeddable":true,"href":"https:\/\/www.radiopresidenteibanez.cl\/web\/wp-json\/wp\/v2\/categories?post=283"},{"taxonomy":"post_tag","embeddable":true,"href":"https:\/\/www.radiopresidenteibanez.cl\/web\/wp-json\/wp\/v2\/tags?post=283"}],"curies":[{"name":"wp","href":"https:\/\/api.w.org\/{rel}","templated":true}]}}