{"id":28294,"date":"2022-03-25T15:27:00","date_gmt":"2022-03-25T18:27:00","guid":{"rendered":"https:\/\/www.radiopresidenteibanez.cl\/web\/?p=28294"},"modified":"2022-03-25T11:58:58","modified_gmt":"2022-03-25T14:58:58","slug":"sernameg-expone-en-conversatorio-internacional-sobre-abordaje-y-atencion-en-violencia-de-genero","status":"publish","type":"post","link":"https:\/\/www.radiopresidenteibanez.cl\/web\/sernameg-expone-en-conversatorio-internacional-sobre-abordaje-y-atencion-en-violencia-de-genero\/","title":{"rendered":"SERNAMEG EXPONE EN CONVERSATORIO INTERNACIONAL SOBRE ABORDAJE Y ATENCION EN VIOLENCIA DE GENERO"},"content":{"rendered":"\n<p>Chile fue el \u00fanico invitado y representante latinoamericano en la actividad denominada&nbsp;<strong>\u201c<\/strong><strong><em>Under one roof:<\/em><\/strong><strong><em>\u2028<\/em><\/strong><strong><em>Towards multidisciplinary help for victims of sexual and domestic violence<\/em><\/strong><strong>\u201d<\/strong>&nbsp;(<em>Bajo un mismo Techo: Hacia una Ayuda Multidisciplinaria para V\u00edctimas de Violencia Sexual y de G\u00e9nero)<\/em>, instancia que tambi\u00e9n reuni\u00f3 a representantes de los gobiernos de Rep\u00fablica Checa y Noruega.<\/p>\n\n\n\n<p>El conversatorio fue organizado por el Gobierno Checo, con cooperaci\u00f3n del proyecto Alternative to Violence, con el prop\u00f3sito de analizar la prevalencia de la violencia sexual y de distintas formas que afectan a las mujeres y que, seg\u00fan la experiencia internacional, se ha evidenciado una agudizaci\u00f3n de estos hechos producto de las consecuencias de la pandemia por covid-19.<\/p>\n\n\n\n<p>En representaci\u00f3n del Servicio Nacional de la Mujer y la Equidad de G\u00e9nero, el abogado y coordinador del programa de&nbsp;<strong>Atenci\u00f3n, Protecci\u00f3n y Reparaci\u00f3n<\/strong>, Renato G\u00e1lvez Inostroza, expuso a los participantes sobre el acompa\u00f1amiento y apoyo profesional que entrega el SernamEG a las sobrevivientes de violencia, a trav\u00e9s de los distintos centros que dispone a lo largo del pa\u00eds.<\/p>\n\n\n\n<p>Respeto a esta instancia, la Directora Nacional (s) del SernamEG, Vannina Masman Le\u00f3n, reconoci\u00f3 que&nbsp;<strong>\u201cnos sentimos muy orgullosas y orgullosos de que hayan considerado a nuestra instituci\u00f3n en este conversatorio, ya que se est\u00e1 reconociendo el trabajo comprometido que realizan funcionarias y funcionarios de todo el pa\u00eds. Sabemos que a\u00fan queda mucho por hacer en materia de prevenci\u00f3n de la violencia, as\u00ed tambi\u00e9n como reforzar la atenci\u00f3n que entregamos porque cada d\u00eda m\u00e1s mujeres est\u00e1n reconociendo que viven violencia y pidiendo apoyo a las instituciones del Estado\u201d.<\/strong><\/p>\n\n\n\n<p>La conversaci\u00f3n fue moderada por Michal Broza, jefe de la Oficina de Informaci\u00f3n Central de las Naciones Unidas de Praga, capital de Rep\u00fablica Checa, quien aprovech\u00f3 la instancia para destacar el modelo de atenci\u00f3n presente en Chile, el cual incorpor\u00f3 una herramienta in\u00e9dita de comunicaci\u00f3n silenciosa en plena pandemia al servicio de mujeres que estuvieran en cuarentena con sus agresores.<\/p>\n\n\n\n<p><strong>\u201cJunto con Argentina, fuimos los dos pa\u00edses pioneros en implementar una forma de comunicaci\u00f3n, de orientaci\u00f3n, y para activar la red de apoyo en confinamiento. Fue una pol\u00edtica p\u00fablica de emergencia pero que, tras su buena evaluaci\u00f3n, se estableci\u00f3 como permanente\u201d,&nbsp;<\/strong>agreg\u00f3 Masman.<\/p>\n\n\n\n<p>Seg\u00fan ONU Mujeres, una de cada tres mujeres europeas son v\u00edctimas de violencia f\u00edsica o sexual por parte de sus parejas o ex parejas. En ese sentido, B\u00e9lgica, Rep\u00fablica Checa y pa\u00edses n\u00f3rdicos est\u00e1n implementando centros de atenci\u00f3n para las sobrevivientes.<\/p>\n\n\n\n<p>En Chile, el Servicio Nacional de la Mujer y la Equidad de G\u00e9nero tiene 114 Centros de la Mujer, 43 Casas de Acogida, 6 Centros de Atenci\u00f3n Reparatoria Integral, una Casas de Acogida para Mujeres Vulneradas por la Trata de Personas y Migrantes en Situaci\u00f3n de Explotaci\u00f3n, adem\u00e1s de 16 Centros de Reeducaci\u00f3n de Hombres.<\/p>\n","protected":false},"excerpt":{"rendered":"<p>Chile fue el \u00fanico invitado y representante latinoamericano en la actividad denominada&nbsp;\u201cUnder one roof:\u2028Towards multidisciplinary help for victims of sexual and domestic violence\u201d&nbsp;(Bajo un mismo Techo: Hacia una Ayuda Multidisciplinaria&#8230; <a class=\"read-more\" href=\"https:\/\/www.radiopresidenteibanez.cl\/web\/sernameg-expone-en-conversatorio-internacional-sobre-abordaje-y-atencion-en-violencia-de-genero\/\">Leer m\u00e1s<\/a><\/p>\n","protected":false},"author":2,"featured_media":28295,"comment_status":"closed","ping_status":"closed","sticky":false,"template":"","format":"standard","meta":{"footnotes":""},"categories":[1],"tags":[],"class_list":["post-28294","post","type-post","status-publish","format-standard","has-post-thumbnail","hentry","category-cronica"],"_links":{"self":[{"href":"https:\/\/www.radiopresidenteibanez.cl\/web\/wp-json\/wp\/v2\/posts\/28294","targetHints":{"allow":["GET"]}}],"collection":[{"href":"https:\/\/www.radiopresidenteibanez.cl\/web\/wp-json\/wp\/v2\/posts"}],"about":[{"href":"https:\/\/www.radiopresidenteibanez.cl\/web\/wp-json\/wp\/v2\/types\/post"}],"author":[{"embeddable":true,"href":"https:\/\/www.radiopresidenteibanez.cl\/web\/wp-json\/wp\/v2\/users\/2"}],"replies":[{"embeddable":true,"href":"https:\/\/www.radiopresidenteibanez.cl\/web\/wp-json\/wp\/v2\/comments?post=28294"}],"version-history":[{"count":0,"href":"https:\/\/www.radiopresidenteibanez.cl\/web\/wp-json\/wp\/v2\/posts\/28294\/revisions"}],"wp:featuredmedia":[{"embeddable":true,"href":"https:\/\/www.radiopresidenteibanez.cl\/web\/wp-json\/wp\/v2\/media\/28295"}],"wp:attachment":[{"href":"https:\/\/www.radiopresidenteibanez.cl\/web\/wp-json\/wp\/v2\/media?parent=28294"}],"wp:term":[{"taxonomy":"category","embeddable":true,"href":"https:\/\/www.radiopresidenteibanez.cl\/web\/wp-json\/wp\/v2\/categories?post=28294"},{"taxonomy":"post_tag","embeddable":true,"href":"https:\/\/www.radiopresidenteibanez.cl\/web\/wp-json\/wp\/v2\/tags?post=28294"}],"curies":[{"name":"wp","href":"https:\/\/api.w.org\/{rel}","templated":true}]}}