{"id":28266,"date":"2022-03-24T17:37:00","date_gmt":"2022-03-24T20:37:00","guid":{"rendered":"https:\/\/www.radiopresidenteibanez.cl\/web\/?p=28266"},"modified":"2022-03-24T16:21:44","modified_gmt":"2022-03-24T19:21:44","slug":"pulso-sindical-diario-de-la-cgt-chile-23-marzo-2022","status":"publish","type":"post","link":"https:\/\/www.radiopresidenteibanez.cl\/web\/pulso-sindical-diario-de-la-cgt-chile-23-marzo-2022\/","title":{"rendered":"PULSO SINDICAL DIARIO DE LA CGT CHILE 23 MARZO 2022"},"content":{"rendered":"\n<p>Sin duda que la noticia de los \u00faltimos d\u00edas &#8211; manoseada hasta el hartazgo por los medios de comunicaci\u00f3n y diferentes parlamentarios &#8211; fue la visita fallida de la ministra del interior a la regi\u00f3n de la Araucan\u00eda o al Wallmapu.\u00a0M\u00e1s all\u00e1 de la denominaci\u00f3n que en definitiva se utilice, lo que no debe olvidarse es que hasta el inicio de la mal llamada pacificaci\u00f3n de la Araucan\u00eda por parte del Estado chileno, apoyado en el Ej\u00e9rcito e iniciada en 1861 con el general Cornelio Saavedra, todas las tierras de la zona eran propiedad de los mapuche y otros pueblos.Puede gustar o no a los puristas, pero lo sucedido en el Wallmapu fue un genocidio que culmin\u00f3 con la entrega de las tierras quitadas a los pueblos ancestrales, tierras que fueron puestas en manos de colonos nacionales y extranjeros, quienes con posterioridad y bajo deversos subterfugios fueron extendiendo sus dominios y acorralaron hasta expulsar a los due\u00f1os originales de sus tierras.\u00bfQue a algunos les molesta la autoridad y firmeza con que los mapuche reclaman lo que es suyo?, Cierto, pero aquel que se permita decir que son terroristas y que solo da\u00f1an y desobedecen el orden establecido, simplemente no conocen nada de la historia.<strong>2.-<\/strong>\u00a0\u00bfFue una buena medida la visita de la ministra del interior?, a todas luces se ve como algo precipitado, que aunque est\u00e9 rodeado de buenas intenciones no se corresponde con lo que est\u00e1 sucediendo. Estamos en presencia de una manifestaci\u00f3n firme y clara que exige restituci\u00f3n de lo apropiado en mala lid. Es la respuesta que corresponde hacia quienes por m\u00e1s de una centuria han robado, discriminado, perseguido a un pueblo valiente y altivo. Un rechazo a aquellos que por ser due\u00f1os del poder, se sienten con el derecho de avasallar y menospreciar a los reales due\u00f1os de las tierras.No es la soluci\u00f3n llenar de soldados, veh\u00edculos y armamento de guerra un espacio que no les pertenece, no pueden creer que por que tienen el monopolio de las comunicaciones van a lograr que todos los ciudadanos les crean el discurso del orden y la seguridad.Lo que hacen es seguir aplicando los mismos m\u00e9todos que utiliz\u00f3 Cornelio Saavedra quien, mas all\u00e1 de que cumpli\u00f3 con el mandato que le asign\u00f3 el Estado, no pudo someter per se a quienes le reclamaron el cumplimiento de tratados y acuerdos que intencionadamente hoy se ocultan.\u00a0El pueblo mapuche pelea por lo que de justicia le pertenece y nada hay que pueda augurar que renunciar\u00e1 a ello.<strong>*****<\/strong><\/p>\n","protected":false},"excerpt":{"rendered":"<p>Sin duda que la noticia de los \u00faltimos d\u00edas &#8211; manoseada hasta el hartazgo por los medios de comunicaci\u00f3n y diferentes parlamentarios &#8211; fue la visita fallida de la ministra&#8230; <a class=\"read-more\" href=\"https:\/\/www.radiopresidenteibanez.cl\/web\/pulso-sindical-diario-de-la-cgt-chile-23-marzo-2022\/\">Leer m\u00e1s<\/a><\/p>\n","protected":false},"author":2,"featured_media":28267,"comment_status":"closed","ping_status":"closed","sticky":false,"template":"","format":"standard","meta":{"footnotes":""},"categories":[1],"tags":[],"class_list":["post-28266","post","type-post","status-publish","format-standard","has-post-thumbnail","hentry","category-cronica"],"_links":{"self":[{"href":"https:\/\/www.radiopresidenteibanez.cl\/web\/wp-json\/wp\/v2\/posts\/28266","targetHints":{"allow":["GET"]}}],"collection":[{"href":"https:\/\/www.radiopresidenteibanez.cl\/web\/wp-json\/wp\/v2\/posts"}],"about":[{"href":"https:\/\/www.radiopresidenteibanez.cl\/web\/wp-json\/wp\/v2\/types\/post"}],"author":[{"embeddable":true,"href":"https:\/\/www.radiopresidenteibanez.cl\/web\/wp-json\/wp\/v2\/users\/2"}],"replies":[{"embeddable":true,"href":"https:\/\/www.radiopresidenteibanez.cl\/web\/wp-json\/wp\/v2\/comments?post=28266"}],"version-history":[{"count":0,"href":"https:\/\/www.radiopresidenteibanez.cl\/web\/wp-json\/wp\/v2\/posts\/28266\/revisions"}],"wp:featuredmedia":[{"embeddable":true,"href":"https:\/\/www.radiopresidenteibanez.cl\/web\/wp-json\/wp\/v2\/media\/28267"}],"wp:attachment":[{"href":"https:\/\/www.radiopresidenteibanez.cl\/web\/wp-json\/wp\/v2\/media?parent=28266"}],"wp:term":[{"taxonomy":"category","embeddable":true,"href":"https:\/\/www.radiopresidenteibanez.cl\/web\/wp-json\/wp\/v2\/categories?post=28266"},{"taxonomy":"post_tag","embeddable":true,"href":"https:\/\/www.radiopresidenteibanez.cl\/web\/wp-json\/wp\/v2\/tags?post=28266"}],"curies":[{"name":"wp","href":"https:\/\/api.w.org\/{rel}","templated":true}]}}