{"id":28237,"date":"2022-03-23T17:13:00","date_gmt":"2022-03-23T20:13:00","guid":{"rendered":"https:\/\/www.radiopresidenteibanez.cl\/web\/?p=28237"},"modified":"2022-03-23T16:09:24","modified_gmt":"2022-03-23T19:09:24","slug":"seremi-de-educacion-de-magallanes-y-colegio-regional-de-profesores-renuevan-trabajo-en-conjunto-para-mejorar-la-educacion-publica","status":"publish","type":"post","link":"https:\/\/www.radiopresidenteibanez.cl\/web\/seremi-de-educacion-de-magallanes-y-colegio-regional-de-profesores-renuevan-trabajo-en-conjunto-para-mejorar-la-educacion-publica\/","title":{"rendered":"SEREMI DE EDUCACION DE MAGALLANES Y COLEGIO REGIONAL DE PROFESORES RENUEVAN TRABAJO EN CONJUNTO PARA MEJORAR LA EDUCACION PUBLICA"},"content":{"rendered":"\n<p>Hasta las dependencias del Colegio Regional de Profesores lleg\u00f3 el Seremi de Educaci\u00f3n de Magallanes, Valent\u00edn Aguilera G\u00f3mez, para reunirse de manera oficial con la directiva del Colegio Regional de Profesores, liderado por Violeta Andrade.<\/p>\n\n\n\n<p>La cita se convierte as\u00ed en una de las primeras actividades de la nueva autoridad, cuyo objetivo es reafirmar el trabajo conjunto, mediante el di\u00e1logo permanente, principal lineamiento de trabajo que el Gobierno del Presidente Gabriel Boric Font ha entregado a las autoridades regionales.<\/p>\n\n\n\n<p>La reuni\u00f3n incluy\u00f3 los saludos protocolares de los dirigentes y el abordaje de temas que preocupan al sector de la educaci\u00f3n como la pr\u00f3xima instalaci\u00f3n de los Servicios Locales de Educaci\u00f3n, aspectos financieros de los profesores pertenecientes a la Corporaci\u00f3n Municipal, requerimientos urgentes en materia pedag\u00f3gica y de infraestructura de establecimientos educacionales, entre otros temas, que fueron presentados al Seremi.<\/p>\n\n\n\n<p>Tambi\u00e9n se discutieron las principales preocupaciones de los docentes en relaci\u00f3n al inicio de clases presenciales, la puesta en marcha de protocolos y la situaci\u00f3n de violencia y bullying que se ha producido al interior de los colegios que concitaron un amplio di\u00e1logo.<\/p>\n\n\n\n<p>\u201cEstamos reinaugurando una nueva etapa de relacionamiento con los gremios y sindicatos del sector educaci\u00f3n y que mejor Manera de iniciar esto con el Colegio de profesores en el \u00e1rea regional, comunal, jubilados y jubiladas. Agradecemos su fraternidad y cordialidad, la acogida que tuvimos hoy que fue muy potente y positiva y que es una forma tambi\u00e9n de representar para nosotros la prioridad que tiene nuestro gobierno con el mundo de los trabajadores en el sistema educativo y con todas las organizaciones sociales que componen y que son parte justamente del servicio educativo\u201d, destac\u00f3 el&nbsp;<strong>Seremi de Educaci\u00f3n Valent\u00edn Aguilera G\u00f3mez.<\/strong><\/p>\n\n\n\n<p>Por su parte,&nbsp;<strong>Violeta Andrade, presidenta del Colegio regional de Profesores<\/strong>&nbsp;valor\u00f3 el encuentro. \u201cEstamos muy satisfechos con esta primera reuni\u00f3n que, si bien fue una reuni\u00f3n de mucha camarader\u00eda y saludo protocolar, tambi\u00e9n pudimos tratar otros temas que son muy relevantes e importantes para nosotros como gremio. Hemos vuelto a conversar con la Serem\u00eda que es lo primordial, porque es esencial tener una buena comunicaci\u00f3n con la autoridad, porque el tema de la educaci\u00f3n es fundamental para toda la sociedad\u201d.<\/p>\n\n\n\n<p>Finalmente, el Seremi de Educaci\u00f3n agradeci\u00f3 la intenci\u00f3n de la directiva y agradeci\u00f3 la disposici\u00f3n al di\u00e1logo y a trabajar en conjunto.<\/p>\n","protected":false},"excerpt":{"rendered":"<p>Hasta las dependencias del Colegio Regional de Profesores lleg\u00f3 el Seremi de Educaci\u00f3n de Magallanes, Valent\u00edn Aguilera G\u00f3mez, para reunirse de manera oficial con la directiva del Colegio Regional de&#8230; <a class=\"read-more\" href=\"https:\/\/www.radiopresidenteibanez.cl\/web\/seremi-de-educacion-de-magallanes-y-colegio-regional-de-profesores-renuevan-trabajo-en-conjunto-para-mejorar-la-educacion-publica\/\">Leer m\u00e1s<\/a><\/p>\n","protected":false},"author":2,"featured_media":28238,"comment_status":"closed","ping_status":"closed","sticky":false,"template":"","format":"standard","meta":{"footnotes":""},"categories":[1],"tags":[],"class_list":["post-28237","post","type-post","status-publish","format-standard","has-post-thumbnail","hentry","category-cronica"],"_links":{"self":[{"href":"https:\/\/www.radiopresidenteibanez.cl\/web\/wp-json\/wp\/v2\/posts\/28237","targetHints":{"allow":["GET"]}}],"collection":[{"href":"https:\/\/www.radiopresidenteibanez.cl\/web\/wp-json\/wp\/v2\/posts"}],"about":[{"href":"https:\/\/www.radiopresidenteibanez.cl\/web\/wp-json\/wp\/v2\/types\/post"}],"author":[{"embeddable":true,"href":"https:\/\/www.radiopresidenteibanez.cl\/web\/wp-json\/wp\/v2\/users\/2"}],"replies":[{"embeddable":true,"href":"https:\/\/www.radiopresidenteibanez.cl\/web\/wp-json\/wp\/v2\/comments?post=28237"}],"version-history":[{"count":0,"href":"https:\/\/www.radiopresidenteibanez.cl\/web\/wp-json\/wp\/v2\/posts\/28237\/revisions"}],"wp:featuredmedia":[{"embeddable":true,"href":"https:\/\/www.radiopresidenteibanez.cl\/web\/wp-json\/wp\/v2\/media\/28238"}],"wp:attachment":[{"href":"https:\/\/www.radiopresidenteibanez.cl\/web\/wp-json\/wp\/v2\/media?parent=28237"}],"wp:term":[{"taxonomy":"category","embeddable":true,"href":"https:\/\/www.radiopresidenteibanez.cl\/web\/wp-json\/wp\/v2\/categories?post=28237"},{"taxonomy":"post_tag","embeddable":true,"href":"https:\/\/www.radiopresidenteibanez.cl\/web\/wp-json\/wp\/v2\/tags?post=28237"}],"curies":[{"name":"wp","href":"https:\/\/api.w.org\/{rel}","templated":true}]}}