{"id":28234,"date":"2022-03-23T16:03:46","date_gmt":"2022-03-23T19:03:46","guid":{"rendered":"https:\/\/www.radiopresidenteibanez.cl\/web\/?p=28234"},"modified":"2022-03-23T16:03:52","modified_gmt":"2022-03-23T19:03:52","slug":"inducciones-de-acompanamiento-en-educacion-superior-pace-umag","status":"publish","type":"post","link":"https:\/\/www.radiopresidenteibanez.cl\/web\/inducciones-de-acompanamiento-en-educacion-superior-pace-umag\/","title":{"rendered":"INDUCCIONES DE ACOMPA\u00d1AMIENTO EN EDUCACION SUPERIOR PACE UMAG"},"content":{"rendered":"\n<p>En el Aula\nTecnolog\u00eda de la Biblioteca de la Universidad de Magallanes, se realizaron dos\ninducciones para los estudiantes PACE de la generaci\u00f3n 2022, organizado por el\nequipo de Acompa\u00f1amiento en la Educaci\u00f3n Superior del Programa de\nAcompa\u00f1amiento y Acceso Efectivo a la Educaci\u00f3n Superior (PACE). <\/p>\n\n\n\n<p>Instancia donde\nfueron saludados por las coordinadoras, se les informo sobre el programa y el\nacompa\u00f1amiento que recibir\u00e1n por dos a\u00f1os, adem\u00e1s de poder participar de una\nactividad en conjunto con sus compa\u00f1eros, finalizando con un recorrido por los\ndiferentes edificios de la Universidad. <\/p>\n\n\n\n<p>A su vez poder\nconocer a las profesionales que los apoyar\u00e1n en la adaptaci\u00f3n a la educaci\u00f3n\nsuperior y as\u00ed aclarar las dudas que se presenten. <\/p>\n\n\n\n<p>Frente a esto, Fernanda Miranda, psic\u00f3loga del equipo de Acompa\u00f1amiento en la\nEducaci\u00f3n Superior (AES) PACE UMAG se\u00f1alo que \u201cllevo casi 7 a\u00f1os en el PACE,\ningrese como tutor de la carrera de psicolog\u00eda y actualmente soy psic\u00f3loga del\nprograma, la experiencia ha sido s\u00faper diferente, de pasar a ser tutor a\nprofesional, sin embargo es muy bueno tener la experiencia para entregar\nmayores herramientas a los tutores actuales y adem\u00e1s de haber trabajado con\nestudiantes PACE, ya que las problem\u00e1ticas de los estudiantes de otras generaciones\nse van repitiendo en los que van ingresando y as\u00ed se les puede ayudar de una\nmanera m\u00e1s efectiva\u201d. <\/p>\n\n\n\n<p>\u201cActualmente contamos con el\nacompa\u00f1amiento psicoeducativo y acad\u00e9mico para las generaciones 2021 y 2022 y para\nalgunos alumnos de admisiones anteriores, donde cuentan con el apoyo de tutores\npares, que son estudiantes de a\u00f1os superiores de las carreras en que ingresan\nlas generaciones PACE, las cuales se hacen en forma semanal, con la finalidad\nde ayudarlos a adaptarse a la vida universitaria, especialmente despu\u00e9s de dos\na\u00f1os de pandemia y el apoyo de las profesionales, psic\u00f3loga, psicopedagoga y\nterapeuta ocupacional, quienes realizan un acompa\u00f1amiento y seguimiento de\nforma integrada\u201d. &nbsp;\n\nPor su parte, Mara Minte, egresada del Liceo\nMar\u00eda Behety de Men\u00e9ndez de Punta Arenas y estudiante de la generaci\u00f3n PACE\n20222 de T\u00e9cnico en Procesos Industriales de la UMAG sostuvo que \u201cconoc\u00ed el\nprograma en el liceo, nos informaron que hab\u00eda una ayuda para entrar a la\nUniversidad, entre otras cosas y ha sido algo muy nuevo entrar a la\nUniversidad\u201d. \n\n\n\n<\/p>\n","protected":false},"excerpt":{"rendered":"<p>En el Aula Tecnolog\u00eda de la Biblioteca de la Universidad de Magallanes, se realizaron dos inducciones para los estudiantes PACE de la generaci\u00f3n 2022, organizado por el equipo de Acompa\u00f1amiento&#8230; <a class=\"read-more\" href=\"https:\/\/www.radiopresidenteibanez.cl\/web\/inducciones-de-acompanamiento-en-educacion-superior-pace-umag\/\">Leer m\u00e1s<\/a><\/p>\n","protected":false},"author":2,"featured_media":28235,"comment_status":"closed","ping_status":"closed","sticky":false,"template":"","format":"standard","meta":{"footnotes":""},"categories":[1],"tags":[],"class_list":["post-28234","post","type-post","status-publish","format-standard","has-post-thumbnail","hentry","category-cronica"],"_links":{"self":[{"href":"https:\/\/www.radiopresidenteibanez.cl\/web\/wp-json\/wp\/v2\/posts\/28234","targetHints":{"allow":["GET"]}}],"collection":[{"href":"https:\/\/www.radiopresidenteibanez.cl\/web\/wp-json\/wp\/v2\/posts"}],"about":[{"href":"https:\/\/www.radiopresidenteibanez.cl\/web\/wp-json\/wp\/v2\/types\/post"}],"author":[{"embeddable":true,"href":"https:\/\/www.radiopresidenteibanez.cl\/web\/wp-json\/wp\/v2\/users\/2"}],"replies":[{"embeddable":true,"href":"https:\/\/www.radiopresidenteibanez.cl\/web\/wp-json\/wp\/v2\/comments?post=28234"}],"version-history":[{"count":0,"href":"https:\/\/www.radiopresidenteibanez.cl\/web\/wp-json\/wp\/v2\/posts\/28234\/revisions"}],"wp:featuredmedia":[{"embeddable":true,"href":"https:\/\/www.radiopresidenteibanez.cl\/web\/wp-json\/wp\/v2\/media\/28235"}],"wp:attachment":[{"href":"https:\/\/www.radiopresidenteibanez.cl\/web\/wp-json\/wp\/v2\/media?parent=28234"}],"wp:term":[{"taxonomy":"category","embeddable":true,"href":"https:\/\/www.radiopresidenteibanez.cl\/web\/wp-json\/wp\/v2\/categories?post=28234"},{"taxonomy":"post_tag","embeddable":true,"href":"https:\/\/www.radiopresidenteibanez.cl\/web\/wp-json\/wp\/v2\/tags?post=28234"}],"curies":[{"name":"wp","href":"https:\/\/api.w.org\/{rel}","templated":true}]}}