{"id":28231,"date":"2022-03-23T15:49:00","date_gmt":"2022-03-23T18:49:00","guid":{"rendered":"https:\/\/www.radiopresidenteibanez.cl\/web\/?p=28231"},"modified":"2022-03-23T12:30:22","modified_gmt":"2022-03-23T15:30:22","slug":"12-toneladas-de-basura-retiraron-desde-el-rio-de-las-minas","status":"publish","type":"post","link":"https:\/\/www.radiopresidenteibanez.cl\/web\/12-toneladas-de-basura-retiraron-desde-el-rio-de-las-minas\/","title":{"rendered":"12 TONELADAS DE BASURA RETIRARON DESDE EL R\u00cdO DE LAS MINAS"},"content":{"rendered":"\n<p>Con el af\u00e1n de potenciar una alianza colaborativa entre ambas instituciones, la Municipalidad de Punta Arenas a trav\u00e9s de su Direcci\u00f3n de Operaciones, realiz\u00f3 la coordinaci\u00f3n con la V Divisi\u00f3n de Ej\u00e9rcito, para concretar un despliegue que permitiera limpiar un tramo importante del R\u00edo de las Minas, con el fin de evitar y prevenir posibles emergencias durante el invierno que se avecina.<\/p>\n\n\n\n<p>Es as\u00ed que por medio del Regimiento Pudeto de nuestra ciudad, se logr\u00f3 desarrollar de buena manera la limpieza, que permiti\u00f3 sacar 12 toneladas de basura, escombros y desechos, entre las calles Lautaro Navarro y Zenteno, durante dos jornadas de trabajo.<\/p>\n\n\n\n<p>\u201cNuevamente hemos contado con la buena voluntad y el compromiso de la V Divisi\u00f3n de Ej\u00e9rcito, quienes nos han colaborado durante todo este tiempo, y en esta ocasi\u00f3n limpiando el R\u00edo de las Minas, lugar que algunas personas piensan que es un basurero, por lo que era importante desarrollar este trabajo para evitar emergencias\u201d, resalt\u00f3 el Alcalde Claudio Radonich.<\/p>\n\n\n\n<p>Por su parte, el Coronel Jorge Labarca, Comandante del Regimiento n\u00ba 10 Pudeto, dijo que \u201cesto nace de nuestra preocupaci\u00f3n como Ej\u00e9rcito, de mitigar las posibles cat\u00e1strofes, especialmente en el R\u00edo de las Minas, tomando medidas preventivas como la limpieza de este importante cauce que pasa por nuestra ciudad, raz\u00f3n por la cual hemos mantenido un constante trabajo colaborativo por el bien de todos quienes habitamos la comuna\u201d.<\/p>\n\n\n\n<p>En ese sentido, Labarca a\u00f1adi\u00f3 que \u201cen total, son 25 personas las que desarrollaron las tareas de limpieza en el tramo definido junto a la Direcci\u00f3n de Operaciones Municipales, lo cual finaliz\u00f3 con \u00e9xito\u201d.<\/p>\n\n\n\n<p>Finalmente, el oficial de Ej\u00e9rcito explic\u00f3 que \u201cadem\u00e1s de las acciones desplegadas en el R\u00edo de las Minas, otro equipo de 5 funcionarios del regimiento Pudeto, realizaron trabajos de limpieza y pintura en el Cerro de la Cruz, principalmente en el sector del mural 500 a\u00f1os que all\u00ed se encuentra\u201d.<\/p>\n\n\n\n<p>Las autoridades hicieron un llamado a cuidar los espacios p\u00fablicos de la ciudad y a mantener nuestra comuna limpia entre todos.<\/p>\n","protected":false},"excerpt":{"rendered":"<p>Con el af\u00e1n de potenciar una alianza colaborativa entre ambas instituciones, la Municipalidad de Punta Arenas a trav\u00e9s de su Direcci\u00f3n de Operaciones, realiz\u00f3 la coordinaci\u00f3n con la V Divisi\u00f3n&#8230; <a class=\"read-more\" href=\"https:\/\/www.radiopresidenteibanez.cl\/web\/12-toneladas-de-basura-retiraron-desde-el-rio-de-las-minas\/\">Leer m\u00e1s<\/a><\/p>\n","protected":false},"author":2,"featured_media":28232,"comment_status":"closed","ping_status":"closed","sticky":false,"template":"","format":"standard","meta":{"footnotes":""},"categories":[1],"tags":[],"class_list":["post-28231","post","type-post","status-publish","format-standard","has-post-thumbnail","hentry","category-cronica"],"_links":{"self":[{"href":"https:\/\/www.radiopresidenteibanez.cl\/web\/wp-json\/wp\/v2\/posts\/28231","targetHints":{"allow":["GET"]}}],"collection":[{"href":"https:\/\/www.radiopresidenteibanez.cl\/web\/wp-json\/wp\/v2\/posts"}],"about":[{"href":"https:\/\/www.radiopresidenteibanez.cl\/web\/wp-json\/wp\/v2\/types\/post"}],"author":[{"embeddable":true,"href":"https:\/\/www.radiopresidenteibanez.cl\/web\/wp-json\/wp\/v2\/users\/2"}],"replies":[{"embeddable":true,"href":"https:\/\/www.radiopresidenteibanez.cl\/web\/wp-json\/wp\/v2\/comments?post=28231"}],"version-history":[{"count":0,"href":"https:\/\/www.radiopresidenteibanez.cl\/web\/wp-json\/wp\/v2\/posts\/28231\/revisions"}],"wp:featuredmedia":[{"embeddable":true,"href":"https:\/\/www.radiopresidenteibanez.cl\/web\/wp-json\/wp\/v2\/media\/28232"}],"wp:attachment":[{"href":"https:\/\/www.radiopresidenteibanez.cl\/web\/wp-json\/wp\/v2\/media?parent=28231"}],"wp:term":[{"taxonomy":"category","embeddable":true,"href":"https:\/\/www.radiopresidenteibanez.cl\/web\/wp-json\/wp\/v2\/categories?post=28231"},{"taxonomy":"post_tag","embeddable":true,"href":"https:\/\/www.radiopresidenteibanez.cl\/web\/wp-json\/wp\/v2\/tags?post=28231"}],"curies":[{"name":"wp","href":"https:\/\/api.w.org\/{rel}","templated":true}]}}