{"id":2823,"date":"2019-03-31T14:53:05","date_gmt":"2019-03-31T14:53:05","guid":{"rendered":"http:\/\/www.radiopresidenteibanez.cl\/web\/?p=2823"},"modified":"2019-03-31T14:53:48","modified_gmt":"2019-03-31T14:53:48","slug":"coordinadora-regional-no-afp-se-reunio-con-el-senador-carlos-bianchi","status":"publish","type":"post","link":"https:\/\/www.radiopresidenteibanez.cl\/web\/coordinadora-regional-no-afp-se-reunio-con-el-senador-carlos-bianchi\/","title":{"rendered":"COORDINADORA REGIONAL NO + AFP SE REUNI\u00d3 CON EL SENADOR CARLOS BIANCHI"},"content":{"rendered":"\n<p>Miembros de la Coordinadora Regional Magallanes NO+AFP, se reunieron con el Senador por Magallanes, Carlos Bianchi, para hacerle entrega de nuestra iniciativa popular de ley de seguridad social para Chile. Tuvimos que acudir a su oficina, ya que el senador no acept\u00f3 reunirse en un lugar que nosotros design\u00e1ramos.<\/p>\n\n\n\n<p>Es importante que nuestra movilizaci\u00f3n de ma\u00f1ana, 31 de marzo, a las 12pm en Col\u00f3n con Bories, tenga una importante presencia popular, para que tanto el senador Bianchi, como los otros representantes de la regi\u00f3n vean que tenemos apoyo en la comunidad magall\u00e1nica.<\/p>\n\n\n\n<figure class=\"wp-block-image\"><img loading=\"lazy\" decoding=\"async\" width=\"1024\" height=\"498\" src=\"https:\/\/www.radiopresidenteibanez.cl\/web\/wp-content\/uploads\/2019\/03\/bianchi-noafp-29-03-2019b-1024x498.jpeg\" alt=\"\" class=\"wp-image-2824\" srcset=\"https:\/\/www.radiopresidenteibanez.cl\/web\/wp-content\/uploads\/2019\/03\/bianchi-noafp-29-03-2019b-1024x498.jpeg 1024w, https:\/\/www.radiopresidenteibanez.cl\/web\/wp-content\/uploads\/2019\/03\/bianchi-noafp-29-03-2019b-300x146.jpeg 300w, https:\/\/www.radiopresidenteibanez.cl\/web\/wp-content\/uploads\/2019\/03\/bianchi-noafp-29-03-2019b-768x373.jpeg 768w, https:\/\/www.radiopresidenteibanez.cl\/web\/wp-content\/uploads\/2019\/03\/bianchi-noafp-29-03-2019b.jpeg 1280w\" sizes=\"auto, (max-width: 1024px) 100vw, 1024px\" \/><\/figure>\n","protected":false},"excerpt":{"rendered":"<p>Miembros de la Coordinadora Regional Magallanes NO+AFP, se reunieron con el Senador por Magallanes, Carlos Bianchi, para hacerle entrega de nuestra iniciativa popular de ley de seguridad social para Chile&#8230;. <a class=\"read-more\" href=\"https:\/\/www.radiopresidenteibanez.cl\/web\/coordinadora-regional-no-afp-se-reunio-con-el-senador-carlos-bianchi\/\">Leer m\u00e1s<\/a><\/p>\n","protected":false},"author":2,"featured_media":0,"comment_status":"closed","ping_status":"closed","sticky":false,"template":"","format":"standard","meta":{"footnotes":""},"categories":[1],"tags":[],"class_list":["post-2823","post","type-post","status-publish","format-standard","hentry","category-cronica"],"_links":{"self":[{"href":"https:\/\/www.radiopresidenteibanez.cl\/web\/wp-json\/wp\/v2\/posts\/2823","targetHints":{"allow":["GET"]}}],"collection":[{"href":"https:\/\/www.radiopresidenteibanez.cl\/web\/wp-json\/wp\/v2\/posts"}],"about":[{"href":"https:\/\/www.radiopresidenteibanez.cl\/web\/wp-json\/wp\/v2\/types\/post"}],"author":[{"embeddable":true,"href":"https:\/\/www.radiopresidenteibanez.cl\/web\/wp-json\/wp\/v2\/users\/2"}],"replies":[{"embeddable":true,"href":"https:\/\/www.radiopresidenteibanez.cl\/web\/wp-json\/wp\/v2\/comments?post=2823"}],"version-history":[{"count":0,"href":"https:\/\/www.radiopresidenteibanez.cl\/web\/wp-json\/wp\/v2\/posts\/2823\/revisions"}],"wp:attachment":[{"href":"https:\/\/www.radiopresidenteibanez.cl\/web\/wp-json\/wp\/v2\/media?parent=2823"}],"wp:term":[{"taxonomy":"category","embeddable":true,"href":"https:\/\/www.radiopresidenteibanez.cl\/web\/wp-json\/wp\/v2\/categories?post=2823"},{"taxonomy":"post_tag","embeddable":true,"href":"https:\/\/www.radiopresidenteibanez.cl\/web\/wp-json\/wp\/v2\/tags?post=2823"}],"curies":[{"name":"wp","href":"https:\/\/api.w.org\/{rel}","templated":true}]}}