{"id":28228,"date":"2022-03-23T14:25:00","date_gmt":"2022-03-23T17:25:00","guid":{"rendered":"https:\/\/www.radiopresidenteibanez.cl\/web\/?p=28228"},"modified":"2022-03-23T12:27:44","modified_gmt":"2022-03-23T15:27:44","slug":"boletin-informativo-tarde-5","status":"publish","type":"post","link":"https:\/\/www.radiopresidenteibanez.cl\/web\/boletin-informativo-tarde-5\/","title":{"rendered":"BOLETIN INFORMATIVO TARDE"},"content":{"rendered":"\n<p>\n\nSANTIAGO.- Pese a que el Gobierno del Presidente Gabriel<br>Boric hab\u00eda comprometido solo una renovaci\u00f3n del estado de<br>excepci\u00f3n en la macrozona Norte, , este mi\u00e9rcoles el<br>Ejecutivo ingres\u00f3 a la C\u00e1mara una nueva solicitud para<br>mantener a las Fuerzas Armadas controlando la situaci\u00f3n<br>migratoria por 15 d\u00edas m\u00e1s. \u00abEsperamos que tambi\u00e9n se<br>apruebe\u00bb, dijo el subsecretario del Interior, Manuel<br>Monsalve, aludiendo al apoyo de la iniciativa anterior al<br>Gobierno.<\/p>\n\n\n\n<p>SANTIAGO.- Sobre la postura del Partido Comunista, PC, que<br>indic\u00f3 que s\u00f3lo apoyar\u00eda la medida en una oportunidad, el<br>subsecretario dijo que \u00abhemos conversado con todas las<br>bancadas y cuando digo eso tambi\u00e9n incluyo a la del Partido<br>Comunista. Es algo que est\u00e1n discutiendo, eso es leg\u00edtimo<br>derecho de ellos, espero que contemos con el respaldo de<br>todas las bancadas\u00bb, apunt\u00f3.<\/p>\n\n\n\n<p>SANTIAGO.- El alcalde de Recoleta, el comunista Daniel Jadue,<br>expres\u00f3 sus cr\u00edticas hacia la postura de rechazo que ha<br>mostrado el Gobierno ante el debate sobre un eventual quinto<br>retiro del 10 por ciento de los fondos de pensiones. El edil<br>asegur\u00f3 que es \u00abimpresentable\u00bb que su coalici\u00f3n cambie su<br>postura sobre esta materia. \u00abYo en tiempos de campa\u00f1a siempre<br>me manifest\u00e9 contrario al retiro de fondos, pero termin\u00e9<br>entendiendo que los retiros eran necesarios\u00bb, se\u00f1al\u00f3.<\/p>\n\n\n\n<p>SANTIAGO.- Jadue, agreg\u00f3, que cambi\u00f3 de opini\u00f3n \u00abporque hab\u00eda<br>una situaci\u00f3n econ\u00f3mica que el gobierno de la derecha no<br>hab\u00eda sabido abordar de manera oportuna ni suficiente. Creo<br>que las condiciones no cambiaron significativamente, que<br>nadie podr\u00eda decirle a Chile que la econom\u00eda est\u00e1 mejor\u00bb. \u00abEs<br>m\u00e1s, se est\u00e1 frenando y hay un incremento significativo del<br>costo de la vida. Por lo tanto, percibo que no cabe negarse<br>de primera al quinto retiro\u00bb, observ\u00f3.<\/p>\n\n\n\n<p>SANTIAGO.- El Minsal report\u00f3 este mi\u00e9rcoles 8 mil 25 casos<br>nuevos de COVID-19, mil 773 sintom\u00e1ticos, 191 asintom\u00e1ticos,<br>y 6 mil 61 con test PCR Positivo no notificados. As\u00ed la cifra<br>total de personas afectadas por el virus lleg\u00f3 a 3 millones<br>415 mil 989, 3 millones 323 mil 405 recuperadas, y 39 mil 367<br>activas de contagiar. En cuanto a los decesos, seg\u00fan el DEIS,<br>hubo 16 fallecidos, para un total de 55 mil 992 en el pa\u00eds.<\/p>\n\n\n\n<p>SANTIAGO.- Por otra parte, a la fecha, 744 personas se<br>encuentran hospitalizadas en Unidades de Cuidados Intensivos,<br>UCI, 576 est\u00e1n con apoyo de ventilaci\u00f3n mec\u00e1nica. Con<br>relaci\u00f3n a la Red Integrada de Salud, existe un total de 321<br>camas cr\u00edticas disponibles. Respecto a la de Red de<br>Laboratorios, se realizaron 79 mil 77 ex\u00e1menes PCR y test<br>ant\u00edgeno, para un global de 34 millones 893 mil 207, con una<br>positividad nacional de 9,59 por ciento.<\/p>\n\n\n\n<p>SANTIAGO.- El ministro de Obras P\u00fablicas, Juan Carlos Garc\u00eda,<br>sostuvo que un posible racionamiento de agua potable en el<br>sector oriente de Santiago podr\u00eda ocurrir el pr\u00f3ximo verano.<br>\u00abEn el mes de junio habilitaremos una planta de Aguas Andinas<br>que va a permitir aumentar la capacidad de proveer agua<br>potable a sectores que hoy d\u00eda son los que est\u00e1n con mayor<br>fragilidad\u00bb, espec\u00edficamente hasta fines de este a\u00f1o, anunci\u00f3<br>la nueva autoridad.<\/p>\n\n\n\n<p>SANTIAGO.- Por otra parte, coincidi\u00f3 con el Presidente Boric<br>en que \u00abestamos en una sequ\u00eda que ya lleva m\u00e1s de una d\u00e9cada,<br>y eso es indesmentible, y ha generado una gran tensi\u00f3n al<br>sistema h\u00eddrico nacional, especialmente en la zona central.<br>Pero sin duda, dijo tambi\u00e9n hay un abuso importante de usos<br>ilegales de agua, principalmente subterr\u00e1nea, que adem\u00e1s es<br>dif\u00edcil de fiscalizar\u00bb, explic\u00f3.<br><\/p>\n","protected":false},"excerpt":{"rendered":"<p>SANTIAGO.- Pese a que el Gobierno del Presidente GabrielBoric hab\u00eda comprometido solo una renovaci\u00f3n del estado deexcepci\u00f3n en la macrozona Norte, , este mi\u00e9rcoles elEjecutivo ingres\u00f3 a la C\u00e1mara una&#8230; <a class=\"read-more\" href=\"https:\/\/www.radiopresidenteibanez.cl\/web\/boletin-informativo-tarde-5\/\">Leer m\u00e1s<\/a><\/p>\n","protected":false},"author":2,"featured_media":28229,"comment_status":"closed","ping_status":"closed","sticky":false,"template":"","format":"standard","meta":{"footnotes":""},"categories":[1],"tags":[],"class_list":["post-28228","post","type-post","status-publish","format-standard","has-post-thumbnail","hentry","category-cronica"],"_links":{"self":[{"href":"https:\/\/www.radiopresidenteibanez.cl\/web\/wp-json\/wp\/v2\/posts\/28228","targetHints":{"allow":["GET"]}}],"collection":[{"href":"https:\/\/www.radiopresidenteibanez.cl\/web\/wp-json\/wp\/v2\/posts"}],"about":[{"href":"https:\/\/www.radiopresidenteibanez.cl\/web\/wp-json\/wp\/v2\/types\/post"}],"author":[{"embeddable":true,"href":"https:\/\/www.radiopresidenteibanez.cl\/web\/wp-json\/wp\/v2\/users\/2"}],"replies":[{"embeddable":true,"href":"https:\/\/www.radiopresidenteibanez.cl\/web\/wp-json\/wp\/v2\/comments?post=28228"}],"version-history":[{"count":0,"href":"https:\/\/www.radiopresidenteibanez.cl\/web\/wp-json\/wp\/v2\/posts\/28228\/revisions"}],"wp:featuredmedia":[{"embeddable":true,"href":"https:\/\/www.radiopresidenteibanez.cl\/web\/wp-json\/wp\/v2\/media\/28229"}],"wp:attachment":[{"href":"https:\/\/www.radiopresidenteibanez.cl\/web\/wp-json\/wp\/v2\/media?parent=28228"}],"wp:term":[{"taxonomy":"category","embeddable":true,"href":"https:\/\/www.radiopresidenteibanez.cl\/web\/wp-json\/wp\/v2\/categories?post=28228"},{"taxonomy":"post_tag","embeddable":true,"href":"https:\/\/www.radiopresidenteibanez.cl\/web\/wp-json\/wp\/v2\/tags?post=28228"}],"curies":[{"name":"wp","href":"https:\/\/api.w.org\/{rel}","templated":true}]}}