{"id":2819,"date":"2019-03-29T20:28:40","date_gmt":"2019-03-29T20:28:40","guid":{"rendered":"http:\/\/www.radiopresidenteibanez.cl\/web\/?p=2819"},"modified":"2019-03-29T20:28:59","modified_gmt":"2019-03-29T20:28:59","slug":"el-nino-que-esta-por-nacerpor-liz-casanueva-mendez-seremi-de-desarrollo-social-magallanes-y-antartica-chilena","status":"publish","type":"post","link":"https:\/\/www.radiopresidenteibanez.cl\/web\/el-nino-que-esta-por-nacerpor-liz-casanueva-mendez-seremi-de-desarrollo-social-magallanes-y-antartica-chilena\/","title":{"rendered":"EL NI\u00d1O QUE EST\u00c1 POR NACER\u2026POR LIZ CASANUEVA M\u00c9NDEZ, SEREMI DE DESARROLLO SOCIAL MAGALLANES Y ANT\u00c1RTICA CHILENA"},"content":{"rendered":"\n<p>Hace exactamente un mes que se constituy\u00f3 la mesa regional de la ni\u00f1ez en la Regi\u00f3n de Magallanes y Ant\u00e1rtica Chilena y esta semana se celebr\u00f3 el d\u00eda del ni\u00f1o que est\u00e1 por nacer. No puedo evitar volver a recalcar y recordar el deber que tenemos como Estado, y como sociedad, de poner a los ni\u00f1os primero desde el inicio de su desarrollo, es decir, desde antes de nacer.<\/p>\n\n\n\n<p>Tal como mencion\u00f3 estos d\u00edas la Subsecretaria de la Ni\u00f1ez, Carol Bown, es importante tener en cuenta de que existe evidencia emp\u00edrica que muestra que no s\u00f3lo la primera infancia, sino tambi\u00e9n el desarrollo intrauterino de un ni\u00f1o o ni\u00f1a es esencial al momento de definir su futuro. Un sinn\u00famero de estudios acad\u00e9micos (Noble, K. 2015; Charil, A. 2010; Buitelaar,J 2003) muestran que situaciones y eventos que ocurren durante el embarazo, como la violencia, el consumo de drogas y alcohol, el estr\u00e9s parental, obstaculizan e incluso afectan irreparablemente el desarrollo de un ni\u00f1o, con consecuencias que lo pueden acompa\u00f1ar durante toda su vida. &nbsp;<\/p>\n\n\n\n<p>Es por esto que una de las pol\u00edticas p\u00fablicas m\u00e1s relevantes creada en la \u00faltima d\u00e9cada, es el Chile Crece Contigo, programa que pertenece al Ministerio de Desarrollo Social, el cual busca acompa\u00f1ar, proteger y apoyar integralmente,&nbsp;a todos los ni\u00f1os, ni\u00f1as y sus familias, apoyando tambi\u00e9n a las comunidades donde los ni\u00f1os y ni\u00f1as crecen y se desarrollan, de forma que existan las condiciones adecuadas.<\/p>\n\n\n\n<p>Est\u00e1 claro que si queremos reducir las brechas que separan desde el nacimiento a los ni\u00f1os y \u201cnivelar la cancha\u201d para que puedan tener las mismas oportunidades, debemos preocuparnos por el ni\u00f1o desde que est\u00e1 en el vientre de su madre. Por esta raz\u00f3n es que desde el Chile Crece Contigo acompa\u00f1amos y acogemos a las madres y padres, especialmente cuando se presenta un conflicto para asumir la maternidad.<\/p>\n\n\n\n<p>Si bien sabemos que es altamente gratificante, tambi\u00e9n sabemos que para nadie es f\u00e1cil ser padre. Menos \u2013como ocurre en un gran n\u00famero de casos- ser pap\u00e1 y mam\u00e1 a la vez. Por esto, el enfoque familiar del nuevo Ministerio de Desarrollo Social y Familia se traduce precisamente en que no basta con hacerse cargo de los ni\u00f1os, sino que debemos considerar que provienen de una familia a la que hay que cuidar y entregar las herramientas que les permitan ser cuidadores y factores protectores de los ni\u00f1os durante todo su desarrollo, desde incluso antes de nacer.<\/p>\n\n\n\n<p>Ante esto, es claro que el compromiso de nuestro gobierno es trabajar sin cesar, para apoyar a las madres durante el embarazo y a los ni\u00f1os y ni\u00f1as durante su primera infancia, evitando que alg\u00fan ni\u00f1o se quede atr\u00e1s y contribuyendo a que todos tengan las mismas posibilidades de so\u00f1ar y construir la vida que deseen.<\/p>\n\n\n\n<figure class=\"wp-block-image\"><img loading=\"lazy\" decoding=\"async\" width=\"1008\" height=\"853\" src=\"http:\/\/www.radiopresidenteibanez.cl\/web\/wp-content\/uploads\/2019\/03\/4142768c-0bff-43a8-a245-47e4015ad25a-copia-1.jpg\" alt=\"\" class=\"wp-image-2820\" srcset=\"https:\/\/www.radiopresidenteibanez.cl\/web\/wp-content\/uploads\/2019\/03\/4142768c-0bff-43a8-a245-47e4015ad25a-copia-1.jpg 1008w, https:\/\/www.radiopresidenteibanez.cl\/web\/wp-content\/uploads\/2019\/03\/4142768c-0bff-43a8-a245-47e4015ad25a-copia-1-300x254.jpg 300w, https:\/\/www.radiopresidenteibanez.cl\/web\/wp-content\/uploads\/2019\/03\/4142768c-0bff-43a8-a245-47e4015ad25a-copia-1-768x650.jpg 768w\" sizes=\"auto, (max-width: 1008px) 100vw, 1008px\" \/><\/figure>\n","protected":false},"excerpt":{"rendered":"<p>Hace exactamente un mes que se constituy\u00f3 la mesa regional de la ni\u00f1ez en la Regi\u00f3n de Magallanes y Ant\u00e1rtica Chilena y esta semana se celebr\u00f3 el d\u00eda del ni\u00f1o&#8230; <a class=\"read-more\" href=\"https:\/\/www.radiopresidenteibanez.cl\/web\/el-nino-que-esta-por-nacerpor-liz-casanueva-mendez-seremi-de-desarrollo-social-magallanes-y-antartica-chilena\/\">Leer m\u00e1s<\/a><\/p>\n","protected":false},"author":2,"featured_media":2820,"comment_status":"closed","ping_status":"closed","sticky":false,"template":"","format":"standard","meta":{"footnotes":""},"categories":[1],"tags":[],"class_list":["post-2819","post","type-post","status-publish","format-standard","has-post-thumbnail","hentry","category-cronica"],"_links":{"self":[{"href":"https:\/\/www.radiopresidenteibanez.cl\/web\/wp-json\/wp\/v2\/posts\/2819","targetHints":{"allow":["GET"]}}],"collection":[{"href":"https:\/\/www.radiopresidenteibanez.cl\/web\/wp-json\/wp\/v2\/posts"}],"about":[{"href":"https:\/\/www.radiopresidenteibanez.cl\/web\/wp-json\/wp\/v2\/types\/post"}],"author":[{"embeddable":true,"href":"https:\/\/www.radiopresidenteibanez.cl\/web\/wp-json\/wp\/v2\/users\/2"}],"replies":[{"embeddable":true,"href":"https:\/\/www.radiopresidenteibanez.cl\/web\/wp-json\/wp\/v2\/comments?post=2819"}],"version-history":[{"count":0,"href":"https:\/\/www.radiopresidenteibanez.cl\/web\/wp-json\/wp\/v2\/posts\/2819\/revisions"}],"wp:featuredmedia":[{"embeddable":true,"href":"https:\/\/www.radiopresidenteibanez.cl\/web\/wp-json\/wp\/v2\/media\/2820"}],"wp:attachment":[{"href":"https:\/\/www.radiopresidenteibanez.cl\/web\/wp-json\/wp\/v2\/media?parent=2819"}],"wp:term":[{"taxonomy":"category","embeddable":true,"href":"https:\/\/www.radiopresidenteibanez.cl\/web\/wp-json\/wp\/v2\/categories?post=2819"},{"taxonomy":"post_tag","embeddable":true,"href":"https:\/\/www.radiopresidenteibanez.cl\/web\/wp-json\/wp\/v2\/tags?post=2819"}],"curies":[{"name":"wp","href":"https:\/\/api.w.org\/{rel}","templated":true}]}}