{"id":2813,"date":"2019-03-29T17:36:42","date_gmt":"2019-03-29T17:36:42","guid":{"rendered":"http:\/\/www.radiopresidenteibanez.cl\/web\/?p=2813"},"modified":"2019-03-29T17:36:57","modified_gmt":"2019-03-29T17:36:57","slug":"persecucion-policial-termino-con-tres-funcionarios-de-la-policia-de-investigaciones-lesionados-y-conductor-detenido","status":"publish","type":"post","link":"https:\/\/www.radiopresidenteibanez.cl\/web\/persecucion-policial-termino-con-tres-funcionarios-de-la-policia-de-investigaciones-lesionados-y-conductor-detenido\/","title":{"rendered":"PERSECUCI\u00d3N POLICIAL TERMIN\u00d3 CON TRES FUNCIONARIOS DE LA POLIC\u00cdA DE INVESTIGACIONES LESIONADOS Y CONDUCTOR DETENIDO"},"content":{"rendered":"\n<p>Pasado el mediod\u00eda una persecuci\u00f3n policial se produjo por\ndiferentes sectores de la ciudad de Punta Arenas, est\u00e1 se dio luego de que\npersonal de la Polic\u00eda de Investigaciones, intentar\u00e1 realizar un control de\ndetenci\u00f3n a un conductor en calle 21 de mayo con Jos\u00e9 Nogueira, en la ocasi\u00f3n\nel conductor del veh\u00edculo Chevrolet Trooper, comenz\u00f3 su huida donde intent\u00f3\natropellar a funcionarios policiales y personas que se encontraban en el lugar.<\/p>\n\n\n\n<p>Por lo anterior, se comenz\u00f3 una persecuci\u00f3n por parte de la\nPDI y Carabineros, donde llegaron hasta calle Francisco Javier Reyna y Jos\u00e9 Victorino\nLastarria, donde el antisocial fue detenido, en la ocasi\u00f3n tres veh\u00edculos\ninstitucionales de la Polic\u00eda de Investigaciones sufrieron da\u00f1os, as\u00ed tambi\u00e9n\ntres funcionarios fueron atendidos por personal del Samu y trasladado hasta las\ndependencias del Hospital Cl\u00ednico de Magallanes, as\u00ed tambi\u00e9n el detenido para\nconstatar lesiones y ver si manejaba bajo los efectos del alcohol.<\/p>\n\n\n\n<p>En la oportunidad tambi\u00e9n se hizo uso de arma institucional\npor parte de funcionarios de la PDI.<\/p>\n\n\n\n<p>Cabe mencionar que el detenido mantiene problemas con la justicia por porte de drogas.<\/p>\n\n\n\n<ul class=\"wp-block-gallery columns-2 is-cropped wp-block-gallery-1 is-layout-flex wp-block-gallery-is-layout-flex\"><li class=\"blocks-gallery-item\"><figure><img loading=\"lazy\" decoding=\"async\" width=\"900\" height=\"675\" src=\"https:\/\/www.radiopresidenteibanez.cl\/web\/wp-content\/uploads\/2019\/03\/IMG_20190329_130246.jpg\" alt=\"\" data-id=\"2814\" data-link=\"https:\/\/www.radiopresidenteibanez.cl\/web\/?attachment_id=2814\" class=\"wp-image-2814\" srcset=\"https:\/\/www.radiopresidenteibanez.cl\/web\/wp-content\/uploads\/2019\/03\/IMG_20190329_130246.jpg 900w, https:\/\/www.radiopresidenteibanez.cl\/web\/wp-content\/uploads\/2019\/03\/IMG_20190329_130246-300x225.jpg 300w, https:\/\/www.radiopresidenteibanez.cl\/web\/wp-content\/uploads\/2019\/03\/IMG_20190329_130246-768x576.jpg 768w\" sizes=\"auto, (max-width: 900px) 100vw, 900px\" \/><figcaption>PH:CH<\/figcaption><\/figure><\/li><li class=\"blocks-gallery-item\"><figure><img loading=\"lazy\" decoding=\"async\" width=\"900\" height=\"675\" src=\"https:\/\/www.radiopresidenteibanez.cl\/web\/wp-content\/uploads\/2019\/03\/IMG_20190329_130500.jpg\" alt=\"\" data-id=\"2815\" data-link=\"https:\/\/www.radiopresidenteibanez.cl\/web\/?attachment_id=2815\" class=\"wp-image-2815\" srcset=\"https:\/\/www.radiopresidenteibanez.cl\/web\/wp-content\/uploads\/2019\/03\/IMG_20190329_130500.jpg 900w, https:\/\/www.radiopresidenteibanez.cl\/web\/wp-content\/uploads\/2019\/03\/IMG_20190329_130500-300x225.jpg 300w, https:\/\/www.radiopresidenteibanez.cl\/web\/wp-content\/uploads\/2019\/03\/IMG_20190329_130500-768x576.jpg 768w\" sizes=\"auto, (max-width: 900px) 100vw, 900px\" \/><figcaption>PH:CH<\/figcaption><\/figure><\/li><li class=\"blocks-gallery-item\"><figure><img loading=\"lazy\" decoding=\"async\" width=\"900\" height=\"675\" src=\"https:\/\/www.radiopresidenteibanez.cl\/web\/wp-content\/uploads\/2019\/03\/IMG_20190329_131410.jpg\" alt=\"\" data-id=\"2816\" data-link=\"https:\/\/www.radiopresidenteibanez.cl\/web\/?attachment_id=2816\" class=\"wp-image-2816\" srcset=\"https:\/\/www.radiopresidenteibanez.cl\/web\/wp-content\/uploads\/2019\/03\/IMG_20190329_131410.jpg 900w, https:\/\/www.radiopresidenteibanez.cl\/web\/wp-content\/uploads\/2019\/03\/IMG_20190329_131410-300x225.jpg 300w, https:\/\/www.radiopresidenteibanez.cl\/web\/wp-content\/uploads\/2019\/03\/IMG_20190329_131410-768x576.jpg 768w\" sizes=\"auto, (max-width: 900px) 100vw, 900px\" \/><figcaption>PH:CH<\/figcaption><\/figure><\/li><li class=\"blocks-gallery-item\"><figure><img loading=\"lazy\" decoding=\"async\" width=\"900\" height=\"675\" src=\"https:\/\/www.radiopresidenteibanez.cl\/web\/wp-content\/uploads\/2019\/03\/IMG_20190329_131850.jpg\" alt=\"\" data-id=\"2817\" data-link=\"https:\/\/www.radiopresidenteibanez.cl\/web\/?attachment_id=2817\" class=\"wp-image-2817\" srcset=\"https:\/\/www.radiopresidenteibanez.cl\/web\/wp-content\/uploads\/2019\/03\/IMG_20190329_131850.jpg 900w, https:\/\/www.radiopresidenteibanez.cl\/web\/wp-content\/uploads\/2019\/03\/IMG_20190329_131850-300x225.jpg 300w, https:\/\/www.radiopresidenteibanez.cl\/web\/wp-content\/uploads\/2019\/03\/IMG_20190329_131850-768x576.jpg 768w\" sizes=\"auto, (max-width: 900px) 100vw, 900px\" \/><figcaption>PH:CH<\/figcaption><\/figure><\/li><\/ul>\n","protected":false},"excerpt":{"rendered":"<p>Pasado el mediod\u00eda una persecuci\u00f3n policial se produjo por diferentes sectores de la ciudad de Punta Arenas, est\u00e1 se dio luego de que personal de la Polic\u00eda de Investigaciones, intentar\u00e1&#8230; <a class=\"read-more\" href=\"https:\/\/www.radiopresidenteibanez.cl\/web\/persecucion-policial-termino-con-tres-funcionarios-de-la-policia-de-investigaciones-lesionados-y-conductor-detenido\/\">Leer m\u00e1s<\/a><\/p>\n","protected":false},"author":2,"featured_media":2815,"comment_status":"closed","ping_status":"closed","sticky":false,"template":"","format":"standard","meta":{"footnotes":""},"categories":[1,6],"tags":[],"class_list":["post-2813","post","type-post","status-publish","format-standard","has-post-thumbnail","hentry","category-cronica","category-policial"],"_links":{"self":[{"href":"https:\/\/www.radiopresidenteibanez.cl\/web\/wp-json\/wp\/v2\/posts\/2813","targetHints":{"allow":["GET"]}}],"collection":[{"href":"https:\/\/www.radiopresidenteibanez.cl\/web\/wp-json\/wp\/v2\/posts"}],"about":[{"href":"https:\/\/www.radiopresidenteibanez.cl\/web\/wp-json\/wp\/v2\/types\/post"}],"author":[{"embeddable":true,"href":"https:\/\/www.radiopresidenteibanez.cl\/web\/wp-json\/wp\/v2\/users\/2"}],"replies":[{"embeddable":true,"href":"https:\/\/www.radiopresidenteibanez.cl\/web\/wp-json\/wp\/v2\/comments?post=2813"}],"version-history":[{"count":0,"href":"https:\/\/www.radiopresidenteibanez.cl\/web\/wp-json\/wp\/v2\/posts\/2813\/revisions"}],"wp:featuredmedia":[{"embeddable":true,"href":"https:\/\/www.radiopresidenteibanez.cl\/web\/wp-json\/wp\/v2\/media\/2815"}],"wp:attachment":[{"href":"https:\/\/www.radiopresidenteibanez.cl\/web\/wp-json\/wp\/v2\/media?parent=2813"}],"wp:term":[{"taxonomy":"category","embeddable":true,"href":"https:\/\/www.radiopresidenteibanez.cl\/web\/wp-json\/wp\/v2\/categories?post=2813"},{"taxonomy":"post_tag","embeddable":true,"href":"https:\/\/www.radiopresidenteibanez.cl\/web\/wp-json\/wp\/v2\/tags?post=2813"}],"curies":[{"name":"wp","href":"https:\/\/api.w.org\/{rel}","templated":true}]}}