{"id":28086,"date":"2022-03-17T18:48:00","date_gmt":"2022-03-17T21:48:00","guid":{"rendered":"https:\/\/www.radiopresidenteibanez.cl\/web\/?p=28086"},"modified":"2022-03-17T15:48:59","modified_gmt":"2022-03-17T18:48:59","slug":"boletin-informativo-tarde-2","status":"publish","type":"post","link":"https:\/\/www.radiopresidenteibanez.cl\/web\/boletin-informativo-tarde-2\/","title":{"rendered":"BOLETIN INFORMATIVO TARDE"},"content":{"rendered":"\n<p>VALPARAISO.- Los diputados de Renovaci\u00f3n Nacional llamaron al<br>Gobierno a eliminar el impuesto espec\u00edfico a los combustibles<br>durante un a\u00f1o, para as\u00ed amortiguar las alzas producidas y<br>que se prev\u00e9n continuar\u00e1n este a\u00f1o. Al respecto, la subjefa<br>de bancada, Sof\u00eda Cid, coment\u00f3 que solicitaron al Gobierno<br>\u00abdel Presidente Boric que le d\u00e9 curso al excedente en el<br>precio del cobre. Sabemos que el preuspuesto 2022 lo<br>aprobamos en base a un valor estimativo del precio del cobre<br>y ha ido aumentando\u00bb.<\/p>\n\n\n\n<p>VALPARAISO.- La parlamentaria afirm\u00f3 que \u00abesto ha generado<br>una sobrerecaudaci\u00f3n de 3 mil 200 millones de d\u00f3lares<br>aproximadamente, s\u00f3lo considerando el aumento del precio del<br>cobre y dejando fuera el aumento del precio del d\u00f3lar\u00bb. Por<br>ello, la diputada Cid agreg\u00f3 \u00abqueremos pedirle, dado que esta<br>recaudaci\u00f3n es mayor, que elimine el impuesto a los<br>combustibles durante este a\u00f1o\u00bb, indic\u00f3.<\/p>\n\n\n\n<p>SANTIAGO.- El Ministerio de Salud inici\u00f3 la campa\u00f1a de<br>vacunaci\u00f3n contra la influenza de este a\u00f1o, que tiene como<br>objetivo prevenir la mortalidad y morbilidad grave de esta<br>enfermedad. La campa\u00f1a se extender\u00e1 hasta el 16 de mayo y\/o<br>hasta que se cumpla la meta de vacunaci\u00f3n del 85 por ciento a<br>nivel nacional.<\/p>\n\n\n\n<p>SANTIAFO.- La vacunaci\u00f3n es gratuita para todos quienes sean<br>parte del grupo objetivo, que se estima en 7 millones, 800<br>mil personas. As\u00ed, se vacunar\u00e1 a personas de 65 a\u00f1os y m\u00e1s,<br>enfermos cr\u00f3nicos entre los 11 y hasta los 64 a\u00f1os,<br>embarazadas, en cualquier etapa de embarazo, ni\u00f1os y ni\u00f1as<br>desde los 6 meses hasta 5\u00b0 a\u00f1o b\u00e1sico. Adem\u00e1s, de<br>trabajadores de la educaci\u00f3n preescolar y escolar hasta 5\u00b0<br>a\u00f1o b\u00e1sico. Tambi\u00e9n trabajadores de av\u00edcolas y de criaderos<br>de cerdo y personal de salud.<\/p>\n\n\n\n<p>SANTIAGO.- Estudiante secundarias de las comunas de Santiago<br>Centro y Providencia marcharon por las denuncias de abuso y<br>acoso sexual en los colegios. La movilizaci\u00f3n central avanz\u00f3<br>por la Alameda hasta el Mineduc, donde un grupo de<br>manifestantes fue recibido por el ministro Marco Antonio<br>\u00c1vila. En tanto, la Superintendencia del ramo investiga<br>denuncias de connotaci\u00f3n sexual en ocho establecimientos<br>p\u00fablicos de estas comunas.\n\n<\/p>\n","protected":false},"excerpt":{"rendered":"<p>VALPARAISO.- Los diputados de Renovaci\u00f3n Nacional llamaron alGobierno a eliminar el impuesto espec\u00edfico a los combustiblesdurante un a\u00f1o, para as\u00ed amortiguar las alzas producidas yque se prev\u00e9n continuar\u00e1n este a\u00f1o&#8230;. <a class=\"read-more\" href=\"https:\/\/www.radiopresidenteibanez.cl\/web\/boletin-informativo-tarde-2\/\">Leer m\u00e1s<\/a><\/p>\n","protected":false},"author":2,"featured_media":28087,"comment_status":"closed","ping_status":"closed","sticky":false,"template":"","format":"standard","meta":{"footnotes":""},"categories":[1],"tags":[],"class_list":["post-28086","post","type-post","status-publish","format-standard","has-post-thumbnail","hentry","category-cronica"],"_links":{"self":[{"href":"https:\/\/www.radiopresidenteibanez.cl\/web\/wp-json\/wp\/v2\/posts\/28086","targetHints":{"allow":["GET"]}}],"collection":[{"href":"https:\/\/www.radiopresidenteibanez.cl\/web\/wp-json\/wp\/v2\/posts"}],"about":[{"href":"https:\/\/www.radiopresidenteibanez.cl\/web\/wp-json\/wp\/v2\/types\/post"}],"author":[{"embeddable":true,"href":"https:\/\/www.radiopresidenteibanez.cl\/web\/wp-json\/wp\/v2\/users\/2"}],"replies":[{"embeddable":true,"href":"https:\/\/www.radiopresidenteibanez.cl\/web\/wp-json\/wp\/v2\/comments?post=28086"}],"version-history":[{"count":0,"href":"https:\/\/www.radiopresidenteibanez.cl\/web\/wp-json\/wp\/v2\/posts\/28086\/revisions"}],"wp:featuredmedia":[{"embeddable":true,"href":"https:\/\/www.radiopresidenteibanez.cl\/web\/wp-json\/wp\/v2\/media\/28087"}],"wp:attachment":[{"href":"https:\/\/www.radiopresidenteibanez.cl\/web\/wp-json\/wp\/v2\/media?parent=28086"}],"wp:term":[{"taxonomy":"category","embeddable":true,"href":"https:\/\/www.radiopresidenteibanez.cl\/web\/wp-json\/wp\/v2\/categories?post=28086"},{"taxonomy":"post_tag","embeddable":true,"href":"https:\/\/www.radiopresidenteibanez.cl\/web\/wp-json\/wp\/v2\/tags?post=28086"}],"curies":[{"name":"wp","href":"https:\/\/api.w.org\/{rel}","templated":true}]}}