{"id":28083,"date":"2022-03-17T17:58:00","date_gmt":"2022-03-17T20:58:00","guid":{"rendered":"https:\/\/www.radiopresidenteibanez.cl\/web\/?p=28083"},"modified":"2022-03-17T15:47:24","modified_gmt":"2022-03-17T18:47:24","slug":"universidad-de-magallanes-invita-a-participar-en-clinica-gratuita-de-golf","status":"publish","type":"post","link":"https:\/\/www.radiopresidenteibanez.cl\/web\/universidad-de-magallanes-invita-a-participar-en-clinica-gratuita-de-golf\/","title":{"rendered":"UNIVERSIDAD DE MAGALLANES INVITA A PARTICIPAR EN CLINICA GRATUITA DE GOLF"},"content":{"rendered":"\n<p>La Unidad de Deportes\ny Actividad F\u00edsica de la Vicerrector\u00eda de Vinculaci\u00f3n con el Medio de la\nUniversidad de Magallanes (UMAG), realizar\u00e1, a partir de este viernes 18 de\nmarzo, una Cl\u00ednica de Golf gratuita en dependencias del campus central de Punta\nArenas, la que ser\u00e1 encabezada por el profesor&nbsp;\nRodrigo Sir\u00f3n con la colaboraci\u00f3n de varios golfistas locales y el\nauspicio de las organizaciones Chile Classic y Respira Libre.<\/p>\n\n\n\n<p>Seg\u00fan inform\u00f3 el\nprofesor de Educaci\u00f3n F\u00edsica y jefe de la Unidad de Deportes, Javier Albornoz,\nla actividad, dirigida a mayores de 13 a\u00f1os, tiene como objetivo promover esta\ndisciplina como un deporte inclusivo para todas las personas, y as\u00ed promover\nh\u00e1bitos saludables en la comunidad magall\u00e1nica. De esta forma, la instancia se\nllevar\u00e1 a cabo cada viernes siguiente, hasta completar cuatro jornadas de\naprendizaje al aire libre sobre los fundamentos b\u00e1sicos del golf.<\/p>\n\n\n\n<p>El relator Rodrigo\nSir\u00f3n, se\u00f1al\u00f3 que el programa consiste en conocer, primeramente, el uso de los\npalos, para despu\u00e9s, en las siguientes clases, ir probando los tiros con cada\nuno de ellos, que son diferentes de acuerdo a la distancia. Esto permitir\u00e1,\nseg\u00fan coment\u00f3, ir repasando conceptos t\u00e9cnicos sobre el juego en s\u00ed,\nfavoreciendo, al mismo tiempo, la recreaci\u00f3n y actividad f\u00edsica en quienes lo\nest\u00e1n practicando.<\/p>\n\n\n\n<p>El punto de encuentro\nde la cl\u00ednica ser\u00e1 a un costado de la cancha de Rugby de la UMAG a contar de\nlas 18.00 horas de los d\u00edas viernes 18&nbsp; y\n25 de marzo, y viernes 01 y 08 de abril de 2022. Para participar, quienes est\u00e9n\ninteresados\/as, deben inscribirse con el profesor Javier Albornoz en el correo\nelectr\u00f3nico deportes@umag.cl.<\/p>\n","protected":false},"excerpt":{"rendered":"<p>La Unidad de Deportes y Actividad F\u00edsica de la Vicerrector\u00eda de Vinculaci\u00f3n con el Medio de la Universidad de Magallanes (UMAG), realizar\u00e1, a partir de este viernes 18 de marzo,&#8230; <a class=\"read-more\" href=\"https:\/\/www.radiopresidenteibanez.cl\/web\/universidad-de-magallanes-invita-a-participar-en-clinica-gratuita-de-golf\/\">Leer m\u00e1s<\/a><\/p>\n","protected":false},"author":2,"featured_media":28084,"comment_status":"closed","ping_status":"closed","sticky":false,"template":"","format":"standard","meta":{"footnotes":""},"categories":[1],"tags":[],"class_list":["post-28083","post","type-post","status-publish","format-standard","has-post-thumbnail","hentry","category-cronica"],"_links":{"self":[{"href":"https:\/\/www.radiopresidenteibanez.cl\/web\/wp-json\/wp\/v2\/posts\/28083","targetHints":{"allow":["GET"]}}],"collection":[{"href":"https:\/\/www.radiopresidenteibanez.cl\/web\/wp-json\/wp\/v2\/posts"}],"about":[{"href":"https:\/\/www.radiopresidenteibanez.cl\/web\/wp-json\/wp\/v2\/types\/post"}],"author":[{"embeddable":true,"href":"https:\/\/www.radiopresidenteibanez.cl\/web\/wp-json\/wp\/v2\/users\/2"}],"replies":[{"embeddable":true,"href":"https:\/\/www.radiopresidenteibanez.cl\/web\/wp-json\/wp\/v2\/comments?post=28083"}],"version-history":[{"count":0,"href":"https:\/\/www.radiopresidenteibanez.cl\/web\/wp-json\/wp\/v2\/posts\/28083\/revisions"}],"wp:featuredmedia":[{"embeddable":true,"href":"https:\/\/www.radiopresidenteibanez.cl\/web\/wp-json\/wp\/v2\/media\/28084"}],"wp:attachment":[{"href":"https:\/\/www.radiopresidenteibanez.cl\/web\/wp-json\/wp\/v2\/media?parent=28083"}],"wp:term":[{"taxonomy":"category","embeddable":true,"href":"https:\/\/www.radiopresidenteibanez.cl\/web\/wp-json\/wp\/v2\/categories?post=28083"},{"taxonomy":"post_tag","embeddable":true,"href":"https:\/\/www.radiopresidenteibanez.cl\/web\/wp-json\/wp\/v2\/tags?post=28083"}],"curies":[{"name":"wp","href":"https:\/\/api.w.org\/{rel}","templated":true}]}}