{"id":28080,"date":"2022-03-17T16:38:00","date_gmt":"2022-03-17T19:38:00","guid":{"rendered":"https:\/\/www.radiopresidenteibanez.cl\/web\/?p=28080"},"modified":"2022-03-17T15:40:27","modified_gmt":"2022-03-17T18:40:27","slug":"sec-magallanes-recuerda-a-empresas-coordinar-acciones-antes-de-iniciar-obras-cerca-de-redes-de-gas","status":"publish","type":"post","link":"https:\/\/www.radiopresidenteibanez.cl\/web\/sec-magallanes-recuerda-a-empresas-coordinar-acciones-antes-de-iniciar-obras-cerca-de-redes-de-gas\/","title":{"rendered":"SEC MAGALLANES RECUERDA A EMPRESAS COORDINAR ACCIONES ANTES DE INICIAR OBRAS CERCA DE REDES DE GAS"},"content":{"rendered":"\n<p>La Direcci\u00f3n Regional Magallanes de la\nSEC, record\u00f3 a las empresas encargadas de planificar y ejecutar trabajos en\nzonas donde se ubiquen redes subterr\u00e1neas de distribuci\u00f3n de gas, la\nimportancia de adoptar las medidas de seguridad necesarias para minimizar toda\nsituaci\u00f3n de potencial riesgo que pueda traducirse en da\u00f1os a las personas o\nbienes materiales.<\/p>\n\n\n\n<p>El llamado de la entidad fiscalizadora\ncobra especial importancia tras el incidente ocurrido el pasado 14 de marzo en la\nzona sur de Punta Arenas, donde se reportaron da\u00f1os en una ca\u00f1er\u00eda de gas\nperteneciente a la compa\u00f1\u00eda Gasco. Seg\u00fan la informaci\u00f3n preliminar, el hecho\nhabr\u00eda sido ocasionado por la utilizaci\u00f3n en la zona de una retroexcavadora por\nuna empresa.<\/p>\n\n\n\n<p>Juan Barticevic, Director Regional de\nSEC Magallanes, indic\u00f3 que \u201clos responsables de todo trabajo que se ejecute\ncerca de redes de gas, deben implementar medidas para reducir toda situaci\u00f3n de\npotencial riesgo. Para ello, deben coordinarse con las empresas que cuenten con\nestas instalaciones en el subsuelo, revisar documentos como planos y contar con\ncanales de comunicaci\u00f3n para responder a eventuales emergencias de forma r\u00e1pida\u201d.<\/p>\n\n\n\n<p>\u201cLa implementaci\u00f3n de estos protocolos\npermite no solo reducir toda situaci\u00f3n de potencial riesgo para los\ntrabajadores que efect\u00faen estas faenas, tambi\u00e9n, es vital para que la comunidad\ncuente con un suministro de gas continuo y seguro en sus hogares\u201d, cerr\u00f3 la\nautoridad.<\/p>\n\n\n\n<p>Desde SEC Magallanes, recordaron a la\nciudadan\u00eda que toda situaci\u00f3n de potencial riesgo vinculada al uso de los\nenerg\u00e9ticos, como el gas, puede ser reportada ante la SEC a trav\u00e9s de <a href=\"http:\/\/www.sec.cl\">www.sec.cl<\/a>, sitio web al que incluso se puede\nacceder desde tel\u00e9fonos celulares.<\/p>\n\n\n\n<p>Por \u00faltimo, la invitaci\u00f3n es a seguir\nlas cuentas de la SEC en Twitter (@SEC_cl) y Superintendencia SEC en Facebook,\ndonde la ciudadan\u00eda podr\u00e1 encontrar informaci\u00f3n \u00fatil, consejos de seguridad y\ncalidad en el uso de los energ\u00e9ticos.<\/p>\n","protected":false},"excerpt":{"rendered":"<p>La Direcci\u00f3n Regional Magallanes de la SEC, record\u00f3 a las empresas encargadas de planificar y ejecutar trabajos en zonas donde se ubiquen redes subterr\u00e1neas de distribuci\u00f3n de gas, la importancia&#8230; <a class=\"read-more\" href=\"https:\/\/www.radiopresidenteibanez.cl\/web\/sec-magallanes-recuerda-a-empresas-coordinar-acciones-antes-de-iniciar-obras-cerca-de-redes-de-gas\/\">Leer m\u00e1s<\/a><\/p>\n","protected":false},"author":2,"featured_media":28081,"comment_status":"closed","ping_status":"closed","sticky":false,"template":"","format":"standard","meta":{"footnotes":""},"categories":[1],"tags":[],"class_list":["post-28080","post","type-post","status-publish","format-standard","has-post-thumbnail","hentry","category-cronica"],"_links":{"self":[{"href":"https:\/\/www.radiopresidenteibanez.cl\/web\/wp-json\/wp\/v2\/posts\/28080","targetHints":{"allow":["GET"]}}],"collection":[{"href":"https:\/\/www.radiopresidenteibanez.cl\/web\/wp-json\/wp\/v2\/posts"}],"about":[{"href":"https:\/\/www.radiopresidenteibanez.cl\/web\/wp-json\/wp\/v2\/types\/post"}],"author":[{"embeddable":true,"href":"https:\/\/www.radiopresidenteibanez.cl\/web\/wp-json\/wp\/v2\/users\/2"}],"replies":[{"embeddable":true,"href":"https:\/\/www.radiopresidenteibanez.cl\/web\/wp-json\/wp\/v2\/comments?post=28080"}],"version-history":[{"count":0,"href":"https:\/\/www.radiopresidenteibanez.cl\/web\/wp-json\/wp\/v2\/posts\/28080\/revisions"}],"wp:featuredmedia":[{"embeddable":true,"href":"https:\/\/www.radiopresidenteibanez.cl\/web\/wp-json\/wp\/v2\/media\/28081"}],"wp:attachment":[{"href":"https:\/\/www.radiopresidenteibanez.cl\/web\/wp-json\/wp\/v2\/media?parent=28080"}],"wp:term":[{"taxonomy":"category","embeddable":true,"href":"https:\/\/www.radiopresidenteibanez.cl\/web\/wp-json\/wp\/v2\/categories?post=28080"},{"taxonomy":"post_tag","embeddable":true,"href":"https:\/\/www.radiopresidenteibanez.cl\/web\/wp-json\/wp\/v2\/tags?post=28080"}],"curies":[{"name":"wp","href":"https:\/\/api.w.org\/{rel}","templated":true}]}}