{"id":2808,"date":"2019-03-29T14:54:35","date_gmt":"2019-03-29T14:54:35","guid":{"rendered":"http:\/\/www.radiopresidenteibanez.cl\/web\/?p=2808"},"modified":"2019-03-29T14:54:48","modified_gmt":"2019-03-29T14:54:48","slug":"acusan-de-desacato-a-ubilla-desafio-orden-judicial-y-expulso-del-pais-a-inmigrantes-enganados","status":"publish","type":"post","link":"https:\/\/www.radiopresidenteibanez.cl\/web\/acusan-de-desacato-a-ubilla-desafio-orden-judicial-y-expulso-del-pais-a-inmigrantes-enganados\/","title":{"rendered":"ACUSAN DE DESACATO A UBILLA: DESAFI\u00d3 ORDEN JUDICIAL Y EXPULS\u00d3 DEL PA\u00cdS A INMIGRANTES ENGA\u00d1ADOS"},"content":{"rendered":"\n<p>FUENTE: ADN RADIO CHILE<\/p>\n\n\n\n<p>El Instituto Nacional de Derechos Humanos (INDH) <strong>eval\u00faa denunciar por desacato al subsecretario del Interior, Rodrigo Ubilla,\u00a0<\/strong>debido a la expulsi\u00f3n de una treintena de inmigrantes enga\u00f1ados\u00a0por la Polic\u00eda de Investigaciones (PDI). <\/p>\n\n\n\n<p>Este&nbsp;jueves se concret\u00f3 el tercer operativo de expulsi\u00f3n de unos 65 ciudadanos colombianos que fueron deportados a su pa\u00eds. Sin embargo,&nbsp;<strong>al menos 30 de ellos no debieron tomar el vuelo que parti\u00f3 desde Antofagasta<\/strong>.<\/p>\n\n\n\n<p>Seg\u00fan inform\u00f3&nbsp;<a href=\"https:\/\/radio.uchile.cl\/2019\/03\/28\/ubilla-en-desacato-indh-denuncia-que-subsecretaria-desobedecio-fallo-de-corte-de-apelaciones\/\" target=\"_blank\" rel=\"noreferrer noopener\"><strong>Radio U.Chile<\/strong><\/a>, la Corte de Apelaciones de dicha ciudad hab\u00eda resuelto&nbsp;<strong>acoger a tr\u00e1mite un&nbsp;recurso de amparo<\/strong>&nbsp;interpuesto por el INDH por una serie de denuncias de embaucamiento.<\/p>\n\n\n\n<p>En concreto, los inmigrantes involucrados presentaron evidencia donde agentes del organismo<strong>\u00a0los invitaban a regularizar su situaci\u00f3n migratoria por correo electr\u00f3nico y Whatsapp<\/strong>. Sin embargo, al comenzar los tr\u00e1mites se dieron cuenta de que se trataba del proceso de expulsi\u00f3n.<\/p>\n\n\n\n<ul class=\"wp-block-gallery columns-2 is-cropped wp-block-gallery-1 is-layout-flex wp-block-gallery-is-layout-flex\"><li class=\"blocks-gallery-item\"><figure><img loading=\"lazy\" decoding=\"async\" width=\"600\" height=\"800\" src=\"https:\/\/www.radiopresidenteibanez.cl\/web\/wp-content\/uploads\/2019\/03\/2019032976ec085e.jpeg\" alt=\"\" data-id=\"2809\" data-link=\"https:\/\/www.radiopresidenteibanez.cl\/web\/?attachment_id=2809\" class=\"wp-image-2809\" srcset=\"https:\/\/www.radiopresidenteibanez.cl\/web\/wp-content\/uploads\/2019\/03\/2019032976ec085e.jpeg 600w, https:\/\/www.radiopresidenteibanez.cl\/web\/wp-content\/uploads\/2019\/03\/2019032976ec085e-225x300.jpeg 225w\" sizes=\"auto, (max-width: 600px) 100vw, 600px\" \/><\/figure><\/li><li class=\"blocks-gallery-item\"><figure><img loading=\"lazy\" decoding=\"async\" width=\"600\" height=\"800\" src=\"https:\/\/www.radiopresidenteibanez.cl\/web\/wp-content\/uploads\/2019\/03\/20190329013ce0929.jpeg\" alt=\"\" data-id=\"2810\" data-link=\"https:\/\/www.radiopresidenteibanez.cl\/web\/?attachment_id=2810\" class=\"wp-image-2810\" srcset=\"https:\/\/www.radiopresidenteibanez.cl\/web\/wp-content\/uploads\/2019\/03\/20190329013ce0929.jpeg 600w, https:\/\/www.radiopresidenteibanez.cl\/web\/wp-content\/uploads\/2019\/03\/20190329013ce0929-225x300.jpeg 225w\" sizes=\"auto, (max-width: 600px) 100vw, 600px\" \/><\/figure><\/li><\/ul>\n\n\n\n<p>En el recurso de amparo, el INDH acusa que el \u00abproceso policial de expulsi\u00f3n es contrario a derecho dado que se funda en el&nbsp;<strong>uso institucional del fraude y el enga\u00f1o&nbsp;<\/strong>en desmedro de la persona extranjera que act\u00faa de buena fe\u00bb.<\/p>\n\n\n\n<p>Adem\u00e1s, en dicho documento exigen que&nbsp;\u00abel grupo de amparados debe ser excluido de dicho operativo policial de expulsi\u00f3n y dejado en libertad inmediata\u00bb, lo que deriv\u00f3 en&nbsp;<strong>una orden de no innovar decretado por el tribunal de alzada<\/strong>.<\/p>\n\n\n\n<p>De hecho, la Corte de Antofagasta mandat\u00f3 textualmente&nbsp;la \u00ab<strong>suspensi\u00f3n, paralizaci\u00f3n y\/o exclusi\u00f3n inmediata del proceso policial de expulsi\u00f3n<\/strong>&nbsp;que est\u00e1 programado para ser ejecutado durante las primeras horas del d\u00eda jueves 28 de marzo de 2019&#8243;.<\/p>\n\n\n\n<p>Adem\u00e1s, el texto judicial exige que se comunique \u00ab<strong>de forma inmediata y por la v\u00eda id\u00f3nea y m\u00e1s expedita<\/strong>, oficiando al efecto y notificando de modo telef\u00f3nico y\/o por correo electr\u00f3nico a las autoridades del DEM, de la PDI as\u00ed como del Ministerio del Interior\u00bb.<\/p>\n\n\n\n<p>Sin embargo, la notificaci\u00f3n no fue tomada en cuenta. El coordinador del INDH, Alexis Aguirre, asegur\u00f3 que \u00abtenemos los comprobantes de<strong>&nbsp;los correos electr\u00f3nicos se&nbsp;enviaron a las 9:30 AM<\/strong>&nbsp;(&#8230;)&nbsp;es algo que es de f\u00e1cil comprobaci\u00f3n\u00bb.<\/p>\n\n\n\n<p><strong>El avi\u00f3n no despeg\u00f3 hasta una hora despu\u00e9s<\/strong>&nbsp;de la base a\u00e9rea de Cerro Moreno, por lo que desde el INDH estudian tomar acciones legales por un posible desacato a una resoluci\u00f3n judicial por parte de la PDI y el Ministerio del Interior.<\/p>\n","protected":false},"excerpt":{"rendered":"<p>FUENTE: ADN RADIO CHILE El Instituto Nacional de Derechos Humanos (INDH) eval\u00faa denunciar por desacato al subsecretario del Interior, Rodrigo Ubilla,\u00a0debido a la expulsi\u00f3n de una treintena de inmigrantes enga\u00f1ados\u00a0por&#8230; <a class=\"read-more\" href=\"https:\/\/www.radiopresidenteibanez.cl\/web\/acusan-de-desacato-a-ubilla-desafio-orden-judicial-y-expulso-del-pais-a-inmigrantes-enganados\/\">Leer m\u00e1s<\/a><\/p>\n","protected":false},"author":2,"featured_media":2811,"comment_status":"closed","ping_status":"closed","sticky":false,"template":"","format":"standard","meta":{"footnotes":""},"categories":[1],"tags":[],"class_list":["post-2808","post","type-post","status-publish","format-standard","has-post-thumbnail","hentry","category-cronica"],"_links":{"self":[{"href":"https:\/\/www.radiopresidenteibanez.cl\/web\/wp-json\/wp\/v2\/posts\/2808","targetHints":{"allow":["GET"]}}],"collection":[{"href":"https:\/\/www.radiopresidenteibanez.cl\/web\/wp-json\/wp\/v2\/posts"}],"about":[{"href":"https:\/\/www.radiopresidenteibanez.cl\/web\/wp-json\/wp\/v2\/types\/post"}],"author":[{"embeddable":true,"href":"https:\/\/www.radiopresidenteibanez.cl\/web\/wp-json\/wp\/v2\/users\/2"}],"replies":[{"embeddable":true,"href":"https:\/\/www.radiopresidenteibanez.cl\/web\/wp-json\/wp\/v2\/comments?post=2808"}],"version-history":[{"count":0,"href":"https:\/\/www.radiopresidenteibanez.cl\/web\/wp-json\/wp\/v2\/posts\/2808\/revisions"}],"wp:featuredmedia":[{"embeddable":true,"href":"https:\/\/www.radiopresidenteibanez.cl\/web\/wp-json\/wp\/v2\/media\/2811"}],"wp:attachment":[{"href":"https:\/\/www.radiopresidenteibanez.cl\/web\/wp-json\/wp\/v2\/media?parent=2808"}],"wp:term":[{"taxonomy":"category","embeddable":true,"href":"https:\/\/www.radiopresidenteibanez.cl\/web\/wp-json\/wp\/v2\/categories?post=2808"},{"taxonomy":"post_tag","embeddable":true,"href":"https:\/\/www.radiopresidenteibanez.cl\/web\/wp-json\/wp\/v2\/tags?post=2808"}],"curies":[{"name":"wp","href":"https:\/\/api.w.org\/{rel}","templated":true}]}}