{"id":2805,"date":"2019-03-29T14:42:00","date_gmt":"2019-03-29T14:42:00","guid":{"rendered":"http:\/\/www.radiopresidenteibanez.cl\/web\/?p=2805"},"modified":"2019-03-29T14:42:33","modified_gmt":"2019-03-29T14:42:33","slug":"el-desafio-del-director-nacional-de-indap-en-magallanes-desplegar-el-desarrollo-agricola-desde-puerto-eden-hasta-puerto-williams","status":"publish","type":"post","link":"https:\/\/www.radiopresidenteibanez.cl\/web\/el-desafio-del-director-nacional-de-indap-en-magallanes-desplegar-el-desarrollo-agricola-desde-puerto-eden-hasta-puerto-williams\/","title":{"rendered":"EL DESAF\u00cdO DEL DIRECTOR NACIONAL DE INDAP EN MAGALLANES: \u201cDESPLEGAR EL DESARROLLO AGR\u00cdCOLA DESDE PUERTO ED\u00c9N HASTA PUERTO WILLIAMS\u201d"},"content":{"rendered":"\n<p>La ExpoMundoRural es la mejor carta de presentaci\u00f3n que tienen los campesinos de la regi\u00f3n y \u201cuna forma de mostrar los resultados pr\u00e1cticos del trabajo desarrollado por INDAP.&nbsp;&nbsp;As\u00ed lo van a poder comprobar los asistentes al evento cuando aprecien la calidad y las caracter\u00edsticas de inocuidad y sabor que tienen los productos de Magallanes\u201d, sentenci\u00f3 Carlos Recondo, director nacional de INDAP.<\/p>\n\n\n\n<p>El evento organizado por INDAP y financiado por el Gobierno Regional abre sus puertas el 30 y 31 de marzo, en las dependencias de Cordenap, ubicado en avenida Bulnes 01465.&nbsp;&nbsp;Este a\u00f1o participan m\u00e1s de 100 expositores distribuidos en 37 m\u00f3dulos.<\/p>\n\n\n\n<p>La m\u00e1xima autoridad de INDAP llega a inaugurar la fiesta campesina en Magallanes tras participar en Iquique del Congreso Internacional sobre el futuro de la quinua, evento al que asistieron m\u00e1s de 400 investigadores y productores.<\/p>\n\n\n\n<p>\u201cHoy, estamos llegando a todos los rincones del pa\u00eds y ac\u00e1 vemos con optimismo el intenso trabajo de la instituci\u00f3n que ha permitido desplegar el desarrollo agr\u00edcola desde Puerto Ed\u00e9n hasta Puerto Williams.&nbsp;&nbsp;Los \u00e9nfasis&nbsp;de&nbsp;la pol\u00edtica rural est\u00e1n en la asociatividad, en el cuidado&nbsp;del agua, en las alianzas productivas y en el trabajo integral con otras instituciones&nbsp;del Estado para potenciar en bloque a la familia campesina\u201d, expres\u00f3.<\/p>\n\n\n\n<p>En este sentido y a modo de ejemplo de los avances, mencion\u00f3 el \u00e9xito del convenio suscrito entre INDAP y el Gobierno Regional, iniciativa que ha permitido mejorar la infraestructura agr\u00edcola de la zona, fortalecer alianzas comerciales, promover el trabajo asociativo y mejorar las capacidades t\u00e9cnicas y productivas de la familia campesina.<\/p>\n\n\n\n<p>En tanto asegur\u00f3 que es vital mejorarlo y darle continuidad en el tiempo como estrategia de desarrollo para enfrentar, entre otros temas, el cambio clim\u00e1tico.&nbsp;&nbsp;\u201cHemos hablado con el Intendente -Jos\u00e9 Fern\u00e1ndez-, y \u00e9l entiende muy bien las prioridades de la agricultura y la ganader\u00eda en la zona.&nbsp;&nbsp;El desaf\u00edo es seguir avanzando en todas las \u00e1reas.&nbsp;&nbsp;He comprobado con satisfacci\u00f3n como el establecimiento de pradera es una pr\u00e1ctica cada vez m\u00e1s usual entre los peque\u00f1os ganaderos de Tierra del Fuego, tenemos que avanzar hacia una ganader\u00eda m\u00e1s intensiva y por lo tanto m\u00e1s productiva\u201d, indic\u00f3.<\/p>\n\n\n\n<p>Por otro lado, manifest\u00f3 que es muy importante seguir asegurando el agua, un gran&nbsp;desaf\u00edo para&nbsp;INDAP&nbsp;y el Ministerio&nbsp;de&nbsp;Agricultura, \u201cnosotros tenemos varios instrumentos, y debemos seguir trabajando de manera conjunta con los gobiernos regionales\u201d.<\/p>\n\n\n\n<p>Finalmente invit\u00f3 a toda la comunidad a participar de la ExpoMundoRural 2019, un evento gratuito y que est\u00e1 orientado principalmente a la familia magall\u00e1nica.<\/p>\n\n\n\n<p>En la ExpoMundoRural 2019 no solo hay expositores de lo mejor que tiene la agricultura de la regi\u00f3n de Magallanes, sino que tambi\u00e9n es un evento orientado a la familia: juegos tradicionales, exposici\u00f3n de animales, degustaci\u00f3n de cordero al palo, presentaci\u00f3n de recetas con productos regionales, m\u00fasica en vivo, presentaci\u00f3n de conjuntos folcl\u00f3ricos, pintacaritas, etc.<\/p>\n\n\n\n<p>Llegan agricultores de las cuatro provincias. En tanto la feria igual pone \u00e9nfasis en la artesan\u00eda, este a\u00f1o participa Julia Gonz\u00e1lez y su hermano Mart\u00edn, ambos representantes y defensores de la cultura yag\u00e1n.\u00a0 Tambi\u00e9n vienen exponentes de los Lagos, Arica y Maule.<\/p>\n\n\n\n<figure class=\"wp-block-image\"><img loading=\"lazy\" decoding=\"async\" width=\"1000\" height=\"667\" src=\"https:\/\/www.radiopresidenteibanez.cl\/web\/wp-content\/uploads\/2019\/03\/2-6.jpg\" alt=\"\" class=\"wp-image-2806\" srcset=\"https:\/\/www.radiopresidenteibanez.cl\/web\/wp-content\/uploads\/2019\/03\/2-6.jpg 1000w, https:\/\/www.radiopresidenteibanez.cl\/web\/wp-content\/uploads\/2019\/03\/2-6-300x200.jpg 300w, https:\/\/www.radiopresidenteibanez.cl\/web\/wp-content\/uploads\/2019\/03\/2-6-768x512.jpg 768w\" sizes=\"auto, (max-width: 1000px) 100vw, 1000px\" \/><\/figure>\n\n\n\n<p>El Director Nacional de INDAP, Carlos Recondo, participa en la inauguraci\u00f3n de la ExpoMundoRural 2019.&nbsp;<\/p>\n\n\n\n<p>Este a\u00f1o el \u00e9nfasis, tanto en la inauguraci\u00f3n como durante la feria, va a estar en las frutillas regionales, principalmente por el incremento que ha tenido en la producci\u00f3n.\u00a0<br><\/p>\n","protected":false},"excerpt":{"rendered":"<p>La ExpoMundoRural es la mejor carta de presentaci\u00f3n que tienen los campesinos de la regi\u00f3n y \u201cuna forma de mostrar los resultados pr\u00e1cticos del trabajo desarrollado por INDAP.&nbsp;&nbsp;As\u00ed lo van&#8230; <a class=\"read-more\" href=\"https:\/\/www.radiopresidenteibanez.cl\/web\/el-desafio-del-director-nacional-de-indap-en-magallanes-desplegar-el-desarrollo-agricola-desde-puerto-eden-hasta-puerto-williams\/\">Leer m\u00e1s<\/a><\/p>\n","protected":false},"author":2,"featured_media":2806,"comment_status":"closed","ping_status":"closed","sticky":false,"template":"","format":"standard","meta":{"footnotes":""},"categories":[1],"tags":[],"class_list":["post-2805","post","type-post","status-publish","format-standard","has-post-thumbnail","hentry","category-cronica"],"_links":{"self":[{"href":"https:\/\/www.radiopresidenteibanez.cl\/web\/wp-json\/wp\/v2\/posts\/2805","targetHints":{"allow":["GET"]}}],"collection":[{"href":"https:\/\/www.radiopresidenteibanez.cl\/web\/wp-json\/wp\/v2\/posts"}],"about":[{"href":"https:\/\/www.radiopresidenteibanez.cl\/web\/wp-json\/wp\/v2\/types\/post"}],"author":[{"embeddable":true,"href":"https:\/\/www.radiopresidenteibanez.cl\/web\/wp-json\/wp\/v2\/users\/2"}],"replies":[{"embeddable":true,"href":"https:\/\/www.radiopresidenteibanez.cl\/web\/wp-json\/wp\/v2\/comments?post=2805"}],"version-history":[{"count":0,"href":"https:\/\/www.radiopresidenteibanez.cl\/web\/wp-json\/wp\/v2\/posts\/2805\/revisions"}],"wp:featuredmedia":[{"embeddable":true,"href":"https:\/\/www.radiopresidenteibanez.cl\/web\/wp-json\/wp\/v2\/media\/2806"}],"wp:attachment":[{"href":"https:\/\/www.radiopresidenteibanez.cl\/web\/wp-json\/wp\/v2\/media?parent=2805"}],"wp:term":[{"taxonomy":"category","embeddable":true,"href":"https:\/\/www.radiopresidenteibanez.cl\/web\/wp-json\/wp\/v2\/categories?post=2805"},{"taxonomy":"post_tag","embeddable":true,"href":"https:\/\/www.radiopresidenteibanez.cl\/web\/wp-json\/wp\/v2\/tags?post=2805"}],"curies":[{"name":"wp","href":"https:\/\/api.w.org\/{rel}","templated":true}]}}