{"id":28044,"date":"2022-03-16T16:04:55","date_gmt":"2022-03-16T19:04:55","guid":{"rendered":"https:\/\/www.radiopresidenteibanez.cl\/web\/?p=28044"},"modified":"2022-03-16T16:05:02","modified_gmt":"2022-03-16T19:05:02","slug":"boletin-informativo-4","status":"publish","type":"post","link":"https:\/\/www.radiopresidenteibanez.cl\/web\/boletin-informativo-4\/","title":{"rendered":"BOLETIN INFORMATIVO"},"content":{"rendered":"\n<p>\n\nSANTIAGO.- Debido a que el quinto retiro de fondos de<br>pensiones se asoma como una iniciativa que podr\u00eda eclipsar<br>las que impulsa el Ejecutivo, el ministro de Econom\u00eda,<br>Nicol\u00e1s Grau, reiter\u00f3 que el oficialismo est\u00e1 en contra de la<br>medida. \u00abNo es parte de nuestro programa, no lo fue tampoco<br>durante la campa\u00f1a y es muy importante cuando uno va en una<br>campa\u00f1a y hace una propuesta de pa\u00eds, despu\u00e9s cuando sea<br>gobierno act\u00fae de acuerdo a esa propuesta\u00bb, apunt\u00f3.<\/p>\n\n\n\n<p>SANTIAGO.- El secretario de Estado reiter\u00f3 que \u00abel quinto<br>retiro nunca ha estado en nuestra propuesta, nosotros vamos a<br>mantener esa postura. Los potenciales efectos sobre inflaci\u00f3n<br>y de otra \u00edndole, creo que son las distintas autoridades y<br>organismos t\u00e9cnicos los que tienen que manifestarse respecto<br>a eso\u00bb. Adem\u00e1s, precis\u00f3 que \u00aben particular, creo que el Banco<br>Central es al que le compete hacer proyecciones respecto a<br>como un potencial retiro podr\u00eda tener un impacto en la<br>inflaci\u00f3n\u00bb.<\/p>\n\n\n\n<p>VALPARAISO.- La diputada Camila Rojas, Comunes, valor\u00f3 el<br>avance de la norma que asegura los derechos sexuales y que<br>garantiza el derecho al aborto en la Convenci\u00f3n<br>Constitucional, asegurando que esto \u00abnos pone a tono con la<br>normativa internacional\u00bb. \u00abEs importante lo que ha ocurrido<br>en la convenci\u00f3n. Pienso, adem\u00e1s, que nos pone a tono con la<br>normativa internacional y sobre todo nos permite responder a<br>necesidades que han sido planteadas durante largo tiempo\u00bb,<br>valor\u00f3 la parlamentaria.<\/p>\n\n\n\n<p>VALPARAISO.- En tanto, la diputada Catalina del Real, RN,<br>critic\u00f3 que se est\u00e9 \u00abpriorizando los derechos de la madre<br>sobre su cuerpo respecto a la vida de un ser indefenso\u00bb. \u00abYo<br>creo que esto debe ser cambiado urgentemente. Ac\u00e1 por<br>supuesto que no lo vamos a aprobar y espero que los chilenos<br>se den cuenta que se est\u00e1 legislando por el asesinato de<br>ni\u00f1os\u00bb, fustig\u00f3, la parlamentaria.<\/p>\n\n\n\n<p>SANTIAGO.- El t\u00e9cnico de Universidad de Chile, Santiago<br>Escobar, en la previa del duelo de este jueves ante Curic\u00f3<br>Unido, sostuvo que es imperioso conseguir una victoria para<br>volver a trabajar con tranquilidad luego de tres derrotas<br>seguidas del equipo. \u00abVamos a tener el apoyo de nuestra<br>hinchada y eso ser\u00e1 un valor para sumarle a esta posibilidad.<br>Siempre se presentan nuevas posibilidades y la ilusi\u00f3n de<br>hacer las cosas bien\u00bb, dijo el DT colombiano.\n\n<\/p>\n","protected":false},"excerpt":{"rendered":"<p>SANTIAGO.- Debido a que el quinto retiro de fondos depensiones se asoma como una iniciativa que podr\u00eda eclipsarlas que impulsa el Ejecutivo, el ministro de Econom\u00eda,Nicol\u00e1s Grau, reiter\u00f3 que el&#8230; <a class=\"read-more\" href=\"https:\/\/www.radiopresidenteibanez.cl\/web\/boletin-informativo-4\/\">Leer m\u00e1s<\/a><\/p>\n","protected":false},"author":2,"featured_media":28045,"comment_status":"closed","ping_status":"closed","sticky":false,"template":"","format":"standard","meta":{"footnotes":""},"categories":[1],"tags":[],"class_list":["post-28044","post","type-post","status-publish","format-standard","has-post-thumbnail","hentry","category-cronica"],"_links":{"self":[{"href":"https:\/\/www.radiopresidenteibanez.cl\/web\/wp-json\/wp\/v2\/posts\/28044","targetHints":{"allow":["GET"]}}],"collection":[{"href":"https:\/\/www.radiopresidenteibanez.cl\/web\/wp-json\/wp\/v2\/posts"}],"about":[{"href":"https:\/\/www.radiopresidenteibanez.cl\/web\/wp-json\/wp\/v2\/types\/post"}],"author":[{"embeddable":true,"href":"https:\/\/www.radiopresidenteibanez.cl\/web\/wp-json\/wp\/v2\/users\/2"}],"replies":[{"embeddable":true,"href":"https:\/\/www.radiopresidenteibanez.cl\/web\/wp-json\/wp\/v2\/comments?post=28044"}],"version-history":[{"count":0,"href":"https:\/\/www.radiopresidenteibanez.cl\/web\/wp-json\/wp\/v2\/posts\/28044\/revisions"}],"wp:featuredmedia":[{"embeddable":true,"href":"https:\/\/www.radiopresidenteibanez.cl\/web\/wp-json\/wp\/v2\/media\/28045"}],"wp:attachment":[{"href":"https:\/\/www.radiopresidenteibanez.cl\/web\/wp-json\/wp\/v2\/media?parent=28044"}],"wp:term":[{"taxonomy":"category","embeddable":true,"href":"https:\/\/www.radiopresidenteibanez.cl\/web\/wp-json\/wp\/v2\/categories?post=28044"},{"taxonomy":"post_tag","embeddable":true,"href":"https:\/\/www.radiopresidenteibanez.cl\/web\/wp-json\/wp\/v2\/tags?post=28044"}],"curies":[{"name":"wp","href":"https:\/\/api.w.org\/{rel}","templated":true}]}}