{"id":2802,"date":"2019-03-29T14:36:49","date_gmt":"2019-03-29T14:36:49","guid":{"rendered":"http:\/\/www.radiopresidenteibanez.cl\/web\/?p=2802"},"modified":"2019-03-29T14:37:16","modified_gmt":"2019-03-29T14:37:16","slug":"empresas-melon-finaliza-instalacion-de-malla-perimetral-de-proteccion-en-su-terreno-del-loteo-industrial","status":"publish","type":"post","link":"https:\/\/www.radiopresidenteibanez.cl\/web\/empresas-melon-finaliza-instalacion-de-malla-perimetral-de-proteccion-en-su-terreno-del-loteo-industrial\/","title":{"rendered":"EMPRESAS MEL\u00d3N FINALIZA INSTALACI\u00d3N DE MALLA PERIMETRAL DE PROTECCI\u00d3N EN SU TERRENO DEL LOTEO INDUSTRIAL"},"content":{"rendered":"\n<p>Producto de los fuertes vientos que se registraron durante la\nsemana del 16 de febrero en la zona del loteo industrial de Punta Arenas, Empresas\nMel\u00f3n se comprometi\u00f3 a realizar una serie de medidas de mejoramiento del\nterreno que adquiri\u00f3 a Concremag.<\/p>\n\n\n\n<p>De acuerdo a lo anterior, este mi\u00e9rcoles finaliz\u00f3 la\ninstalaci\u00f3n de la malla perimetral de protecci\u00f3n electro-soldada que impide el\nlevantamiento de part\u00edculas gruesas, y que va acompa\u00f1ada de una segunda malla\nm\u00e1s fina que bloquea el paso de part\u00edculas de menor tama\u00f1o. Estas medidas de\nseguridad estar\u00e1n siendo monitoreadas de forma constante por la empresa en\ncoordinaci\u00f3n con las autoridades.<\/p>\n\n\n\n<p>Cabe recordar que durante febrero y reci\u00e9n transcurrido este evento clim\u00e1tico, Empresas Mel\u00f3n realiz\u00f3 la compactaci\u00f3n y humectaci\u00f3n de la zona en que se gener\u00f3 el arrastre de material particulado, usando un rodillo, camiones aljibe y un supresor de polvo.<\/p>\n\n\n\n<figure class=\"wp-block-image\"><img loading=\"lazy\" decoding=\"async\" width=\"1024\" height=\"576\" src=\"https:\/\/www.radiopresidenteibanez.cl\/web\/wp-content\/uploads\/2019\/03\/MALLA-PUNTA-ARENAS-1024x576.jpg\" alt=\"\" class=\"wp-image-2803\" srcset=\"https:\/\/www.radiopresidenteibanez.cl\/web\/wp-content\/uploads\/2019\/03\/MALLA-PUNTA-ARENAS-1024x576.jpg 1024w, https:\/\/www.radiopresidenteibanez.cl\/web\/wp-content\/uploads\/2019\/03\/MALLA-PUNTA-ARENAS-300x169.jpg 300w, https:\/\/www.radiopresidenteibanez.cl\/web\/wp-content\/uploads\/2019\/03\/MALLA-PUNTA-ARENAS-768x432.jpg 768w, https:\/\/www.radiopresidenteibanez.cl\/web\/wp-content\/uploads\/2019\/03\/MALLA-PUNTA-ARENAS.jpg 1280w\" sizes=\"auto, (max-width: 1024px) 100vw, 1024px\" \/><\/figure>\n","protected":false},"excerpt":{"rendered":"<p>Producto de los fuertes vientos que se registraron durante la semana del 16 de febrero en la zona del loteo industrial de Punta Arenas, Empresas Mel\u00f3n se comprometi\u00f3 a realizar&#8230; <a class=\"read-more\" href=\"https:\/\/www.radiopresidenteibanez.cl\/web\/empresas-melon-finaliza-instalacion-de-malla-perimetral-de-proteccion-en-su-terreno-del-loteo-industrial\/\">Leer m\u00e1s<\/a><\/p>\n","protected":false},"author":2,"featured_media":2803,"comment_status":"closed","ping_status":"closed","sticky":false,"template":"","format":"standard","meta":{"footnotes":""},"categories":[1],"tags":[],"class_list":["post-2802","post","type-post","status-publish","format-standard","has-post-thumbnail","hentry","category-cronica"],"_links":{"self":[{"href":"https:\/\/www.radiopresidenteibanez.cl\/web\/wp-json\/wp\/v2\/posts\/2802","targetHints":{"allow":["GET"]}}],"collection":[{"href":"https:\/\/www.radiopresidenteibanez.cl\/web\/wp-json\/wp\/v2\/posts"}],"about":[{"href":"https:\/\/www.radiopresidenteibanez.cl\/web\/wp-json\/wp\/v2\/types\/post"}],"author":[{"embeddable":true,"href":"https:\/\/www.radiopresidenteibanez.cl\/web\/wp-json\/wp\/v2\/users\/2"}],"replies":[{"embeddable":true,"href":"https:\/\/www.radiopresidenteibanez.cl\/web\/wp-json\/wp\/v2\/comments?post=2802"}],"version-history":[{"count":0,"href":"https:\/\/www.radiopresidenteibanez.cl\/web\/wp-json\/wp\/v2\/posts\/2802\/revisions"}],"wp:featuredmedia":[{"embeddable":true,"href":"https:\/\/www.radiopresidenteibanez.cl\/web\/wp-json\/wp\/v2\/media\/2803"}],"wp:attachment":[{"href":"https:\/\/www.radiopresidenteibanez.cl\/web\/wp-json\/wp\/v2\/media?parent=2802"}],"wp:term":[{"taxonomy":"category","embeddable":true,"href":"https:\/\/www.radiopresidenteibanez.cl\/web\/wp-json\/wp\/v2\/categories?post=2802"},{"taxonomy":"post_tag","embeddable":true,"href":"https:\/\/www.radiopresidenteibanez.cl\/web\/wp-json\/wp\/v2\/tags?post=2802"}],"curies":[{"name":"wp","href":"https:\/\/api.w.org\/{rel}","templated":true}]}}